{"id":19812,"date":"2025-11-28T08:10:29","date_gmt":"2025-11-28T11:10:29","guid":{"rendered":"https:\/\/www.noticiasmas.com.ar\/?p=19812"},"modified":"2025-11-28T08:10:32","modified_gmt":"2025-11-28T11:10:32","slug":"volvio-la-cgt-rosario-80-gremios-participaron-del-acto-de-normalizacion-de-la-central-obrera-regional","status":"publish","type":"post","link":"https:\/\/www.noticiasmas.com.ar\/index.php\/2025\/11\/28\/volvio-la-cgt-rosario-80-gremios-participaron-del-acto-de-normalizacion-de-la-central-obrera-regional\/","title":{"rendered":"Volvi\u00f3 la CGT Rosario: 80 gremios participaron del acto de normalizaci\u00f3n de la central obrera regional"},"content":{"rendered":"\n<p>Tras varias semanas de acuerdos entre sindicatos del Gran Rosario, la CGT Rosario oficializ\u00f3 este jueves su nueva conducci\u00f3n y design\u00f3 a <strong>Miguel Vivas<\/strong>, titular del Sindicato de la Alimentaci\u00f3n Rosario, como secretario general. <\/p>\n\n\n\n<p>La ceremonia reuni\u00f3 a representantes de <strong>m\u00e1s de 80 organizaciones sindicales<\/strong>, que acompa\u00f1aron el inicio de una etapa marcada por la unidad, la reconstrucci\u00f3n del movimiento obrero regional y los desaf\u00edos que impone un contexto econ\u00f3mico y pol\u00edtico complejo.<\/p>\n\n\n\n<p>La nueva estructura tambi\u00e9n defini\u00f3 la creaci\u00f3n de <strong>cinco Secretar\u00edas Adjuntas<\/strong>, que quedar\u00e1n en manos del Sindicato de Camioneros de Santa Fe (Sergio Aladio), la Uni\u00f3n Operarios y Empleados de la Madera, el Sindicato de la Carne, Sadop y la Uni\u00f3n de Trabajadores de Entidades Deportivas y Civiles.<\/p>\n\n\n\n<h3 class=\"wp-block-heading\"><strong>Un mensaje directo al Gobierno nacional<\/strong><\/h3>\n\n\n\n<p>En su discurso, Vivas destac\u00f3 la importancia del proceso de normalizaci\u00f3n y la necesidad de fortalecer al movimiento obrero:<br>\u201cEs fundamental haber conformado esta CGT para enfrentar estos momentos tan dif\u00edciles, con un gobierno que desde que lleg\u00f3 busca destruir los sindicatos, las leyes laborales y nuestros convenios\u201d, afirm\u00f3. \u201cA eso le vamos a hacer frente\u201d, agreg\u00f3.<\/p>\n\n\n\n<p>El dirigente tambi\u00e9n apunt\u00f3 contra las consecuencias del modelo econ\u00f3mico impulsado por Javier Milei: \u201cParece que los trabajadores somos los culpables de todos los problemas del pa\u00eds. Antes cobr\u00e1bamos el aguinaldo para cambiar algo en casa; ahora lo usamos para pagar deudas. Es una verg\u00fcenza a donde nos han llevado\u201d.<\/p>\n\n\n\n<p>D\u00edas atr\u00e1s, en di\u00e1logo con Mundo Gremial, Vivas ya hab\u00eda advertido su rechazo a la reforma laboral: \u201cSi hablamos de reforma, debe ser para mejorar. Si es para destruir derechos, no vamos a ning\u00fan lado\u201d.<\/p>\n\n\n\n<p>El acto se realiz\u00f3 en la sede del Sindicato de la Carne, cuyo secretario general, <strong>Alberto Jos\u00e9 Fantini<\/strong>, expres\u00f3 su alegr\u00eda por la reunificaci\u00f3n de la CGT Rosario, que llevaba 14 a\u00f1os dividida. \u201cEs un orgullo que este paso hist\u00f3rico se d\u00e9 en nuestra casa y con m\u00e1s de 85 gremios representados. Hace a\u00f1os que buscamos la unidad. Una cosa es pelear solos y otra hacerlo juntos defendiendo a la gente\u201d, afirm\u00f3.<\/p>\n\n\n\n<p>Fantini, cuyo sector enfrenta despidos en la regi\u00f3n, subray\u00f3 la importancia de la cohesi\u00f3n frente a una posible reforma laboral: \u201cSi no estamos unidos, vamos a perder nuestros convenios\u201d.<\/p>\n\n\n\n<p>Adem\u00e1s, remarc\u00f3 que la central obrera mantiene sus puertas abiertas: \u201cAqu\u00ed no hay gremios grandes o chicos; todos representan a los trabajadores de la mejor manera posible\u201d.<\/p>\n\n\n\n<h3 class=\"wp-block-heading\"><strong>Un proceso de normalizaci\u00f3n logrado<\/strong><\/h3>\n\n\n\n<p>Uno de los principales impulsores del proceso, <strong>Sergio Aladio<\/strong>, secretario general de Camioneros de Santa Fe, hab\u00eda adelantado que el objetivo era consolidar la conducci\u00f3n antes del 27 del mes. La meta se cumpli\u00f3: la nueva CGT Rosario qued\u00f3 conformada con representantes de sectores industriales, de servicios, transporte, comercio, sanidad y construcci\u00f3n, entre otros.<\/p>\n\n\n\n<p>Con esta normalizaci\u00f3n, la central obrera busca iniciar una nueva etapa de coordinaci\u00f3n y defensa colectiva frente a los desaf\u00edos que enfrenta el trabajo en la regi\u00f3n.<\/p>\n","protected":false},"excerpt":{"rendered":"<p>Tras varias semanas de acuerdos entre sindicatos del Gran Rosario, la CGT Rosario oficializ\u00f3 este jueves su nueva conducci\u00f3n y design\u00f3 a Miguel Vivas, titular del Sindicato de la Alimentaci\u00f3n Rosario, como secretario general. La ceremonia reuni\u00f3 a representantes de m\u00e1s de 80 organizaciones sindicales, que acompa\u00f1aron el inicio de una etapa marcada por la [&hellip;]<\/p>\n","protected":false},"author":9,"featured_media":19816,"comment_status":"closed","ping_status":"open","sticky":false,"template":"","format":"standard","meta":{"tdm_status":"","tdm_grid_status":"","footnotes":""},"categories":[8],"tags":[6030,226,39,163,2069],"class_list":{"0":"post-19812","1":"post","2":"type-post","3":"status-publish","4":"format-standard","5":"has-post-thumbnail","7":"category-politica","8":"tag-cgt-rosario","9":"tag-gremiales","10":"tag-politica","11":"tag-rosario","12":"tag-sindicato-de-la-carne"},"_links":{"self":[{"href":"https:\/\/www.noticiasmas.com.ar\/index.php\/wp-json\/wp\/v2\/posts\/19812","targetHints":{"allow":["GET"]}}],"collection":[{"href":"https:\/\/www.noticiasmas.com.ar\/index.php\/wp-json\/wp\/v2\/posts"}],"about":[{"href":"https:\/\/www.noticiasmas.com.ar\/index.php\/wp-json\/wp\/v2\/types\/post"}],"author":[{"embeddable":true,"href":"https:\/\/www.noticiasmas.com.ar\/index.php\/wp-json\/wp\/v2\/users\/9"}],"replies":[{"embeddable":true,"href":"https:\/\/www.noticiasmas.com.ar\/index.php\/wp-json\/wp\/v2\/comments?post=19812"}],"version-history":[{"count":1,"href":"https:\/\/www.noticiasmas.com.ar\/index.php\/wp-json\/wp\/v2\/posts\/19812\/revisions"}],"predecessor-version":[{"id":19817,"href":"https:\/\/www.noticiasmas.com.ar\/index.php\/wp-json\/wp\/v2\/posts\/19812\/revisions\/19817"}],"wp:featuredmedia":[{"embeddable":true,"href":"https:\/\/www.noticiasmas.com.ar\/index.php\/wp-json\/wp\/v2\/media\/19816"}],"wp:attachment":[{"href":"https:\/\/www.noticiasmas.com.ar\/index.php\/wp-json\/wp\/v2\/media?parent=19812"}],"wp:term":[{"taxonomy":"category","embeddable":true,"href":"https:\/\/www.noticiasmas.com.ar\/index.php\/wp-json\/wp\/v2\/categories?post=19812"},{"taxonomy":"post_tag","embeddable":true,"href":"https:\/\/www.noticiasmas.com.ar\/index.php\/wp-json\/wp\/v2\/tags?post=19812"}],"curies":[{"name":"wp","href":"https:\/\/api.w.org\/{rel}","templated":true}]}}