{"id":19837,"date":"2025-12-01T06:14:11","date_gmt":"2025-12-01T09:14:11","guid":{"rendered":"https:\/\/www.noticiasmas.com.ar\/?p=19837"},"modified":"2025-12-01T06:14:14","modified_gmt":"2025-12-01T09:14:14","slug":"la-cocina-de-una-vivienda-de-fray-luis-beltran-quedo-consumida-por-las-llamas-de-un-incendio","status":"publish","type":"post","link":"https:\/\/www.noticiasmas.com.ar\/index.php\/2025\/12\/01\/la-cocina-de-una-vivienda-de-fray-luis-beltran-quedo-consumida-por-las-llamas-de-un-incendio\/","title":{"rendered":"La cocina de una vivienda de Fray Luis Beltr\u00e1n qued\u00f3 consumida por las llamas de un incendio"},"content":{"rendered":"\n<p>&nbsp;Este lunes por la madrugada, una vivienda de Fray Luis Beltr\u00e1n sufri\u00f3 un importante incendio afortunadamente sin heridos.<\/p>\n\n\n\n<p>El hecho tuvo lugar en la zona de calle Garay al 400, donde una vivienda sufri\u00f3 un incendio que afect\u00f3 principalmente a la cocina del domicilio en cuesti\u00f3n.<\/p>\n\n\n\n<p>Bomberos Voluntarios de San Lorenzo y Fray Luis Beltr\u00e1n atacaron el incendio y lograron neutralizar la situaci\u00f3n.<\/p>\n\n\n\n<p>Principalmente se vieron afectados los electrodom\u00e9sticos t\u00edpicos de ese ambiente, como tambi\u00e9n las paredes y la estructura de la casa producto del fuego.&nbsp;<\/p>\n\n\n\n<p>Los motivos del incendio no fueron informados por parte de sus propietarios.<\/p>\n","protected":false},"excerpt":{"rendered":"<p>&nbsp;Este lunes por la madrugada, una vivienda de Fray Luis Beltr\u00e1n sufri\u00f3 un importante incendio afortunadamente sin heridos. El hecho tuvo lugar en la zona de calle Garay al 400, donde una vivienda sufri\u00f3 un incendio que afect\u00f3 principalmente a la cocina del domicilio en cuesti\u00f3n. Bomberos Voluntarios de San Lorenzo y Fray Luis Beltr\u00e1n [&hellip;]<\/p>\n","protected":false},"author":9,"featured_media":19838,"comment_status":"closed","ping_status":"open","sticky":false,"template":"","format":"standard","meta":{"tdm_status":"","tdm_grid_status":"","footnotes":""},"categories":[9],"tags":[349,335,172],"class_list":{"0":"post-19837","1":"post","2":"type-post","3":"status-publish","4":"format-standard","5":"has-post-thumbnail","7":"category-policiales","8":"tag-bomberos-voluntarios","9":"tag-fray-luis-beltran","10":"tag-policiales"},"_links":{"self":[{"href":"https:\/\/www.noticiasmas.com.ar\/index.php\/wp-json\/wp\/v2\/posts\/19837","targetHints":{"allow":["GET"]}}],"collection":[{"href":"https:\/\/www.noticiasmas.com.ar\/index.php\/wp-json\/wp\/v2\/posts"}],"about":[{"href":"https:\/\/www.noticiasmas.com.ar\/index.php\/wp-json\/wp\/v2\/types\/post"}],"author":[{"embeddable":true,"href":"https:\/\/www.noticiasmas.com.ar\/index.php\/wp-json\/wp\/v2\/users\/9"}],"replies":[{"embeddable":true,"href":"https:\/\/www.noticiasmas.com.ar\/index.php\/wp-json\/wp\/v2\/comments?post=19837"}],"version-history":[{"count":1,"href":"https:\/\/www.noticiasmas.com.ar\/index.php\/wp-json\/wp\/v2\/posts\/19837\/revisions"}],"predecessor-version":[{"id":19839,"href":"https:\/\/www.noticiasmas.com.ar\/index.php\/wp-json\/wp\/v2\/posts\/19837\/revisions\/19839"}],"wp:featuredmedia":[{"embeddable":true,"href":"https:\/\/www.noticiasmas.com.ar\/index.php\/wp-json\/wp\/v2\/media\/19838"}],"wp:attachment":[{"href":"https:\/\/www.noticiasmas.com.ar\/index.php\/wp-json\/wp\/v2\/media?parent=19837"}],"wp:term":[{"taxonomy":"category","embeddable":true,"href":"https:\/\/www.noticiasmas.com.ar\/index.php\/wp-json\/wp\/v2\/categories?post=19837"},{"taxonomy":"post_tag","embeddable":true,"href":"https:\/\/www.noticiasmas.com.ar\/index.php\/wp-json\/wp\/v2\/tags?post=19837"}],"curies":[{"name":"wp","href":"https:\/\/api.w.org\/{rel}","templated":true}]}}