{"id":19843,"date":"2025-12-01T07:52:20","date_gmt":"2025-12-01T10:52:20","guid":{"rendered":"https:\/\/www.noticiasmas.com.ar\/?p=19843"},"modified":"2025-12-01T07:52:31","modified_gmt":"2025-12-01T10:52:31","slug":"con-autoridad-psm-futbol-clasifico-su-primero-y-paso-de-ronda-en-el-regional-amateur","status":"publish","type":"post","link":"https:\/\/www.noticiasmas.com.ar\/index.php\/2025\/12\/01\/con-autoridad-psm-futbol-clasifico-su-primero-y-paso-de-ronda-en-el-regional-amateur\/","title":{"rendered":"Con autoridad, PSM F\u00fatbol clasific\u00f3 su primero y pas\u00f3 de ronda en el Regional Amateur"},"content":{"rendered":"\n<p>PSM F\u00fatbol dio el golpe y derrot\u00f3 con autoridad a Coronel Aguirre en la \u00faltima fecha de su zona en el Torneo Federal Regional Amateur, logrando as\u00ed la clasificaci\u00f3n a la segunda ronda del certamen.<\/p>\n\n\n\n<p>El representante de la Liga Regional Sanlorencina de F\u00fatbol logr\u00f3 la clasificaci\u00f3n en un grupo donde enfrent\u00f3 a dos equipos de la Asociaci\u00f3n Rosarina y que mostraron una amplia regularidad a lo largo de los \u00faltimos a\u00f1os.<\/p>\n\n\n\n<p>Sin embargo, el equipo verdinegro logr\u00f3 contundentes resultados en este Regional, venciendo a los dos rivales en ambas rondas, tanto de local como de visitante.&nbsp;<\/p>\n\n\n\n<p>PSM F\u00fatbol logr\u00f3 as\u00ed clasificarse a la siguiente instancia del Regional Amateur junto a otros ocho equipos de la provincia de Santa Fe: Sanjustino y Col\u00f3n de San Justo, Atl\u00e9tico San Jorge, Ben Hur de Rafaela, Libertad de Sunchales, Deportivo Aldao de Colonia Aldao, Sarmiento de Maggiolo y Racing de Teodelina.&nbsp;<\/p>\n\n\n\n<p>La pr\u00f3xima ronda se sortear\u00e1 en la semana, donde se definir\u00e1n los cruces entre estos equipos junto a los provenientes de la provincia de Entre R\u00edos, quienes tambi\u00e9n integran la regi\u00f3n Litoral Sur.<\/p>\n","protected":false},"excerpt":{"rendered":"<p>PSM F\u00fatbol dio el golpe y derrot\u00f3 con autoridad a Coronel Aguirre en la \u00faltima fecha de su zona en el Torneo Federal Regional Amateur, logrando as\u00ed la clasificaci\u00f3n a la segunda ronda del certamen. El representante de la Liga Regional Sanlorencina de F\u00fatbol logr\u00f3 la clasificaci\u00f3n en un grupo donde enfrent\u00f3 a dos equipos [&hellip;]<\/p>\n","protected":false},"author":9,"featured_media":19844,"comment_status":"closed","ping_status":"open","sticky":false,"template":"","format":"standard","meta":{"tdm_status":"","tdm_grid_status":"","footnotes":""},"categories":[10],"tags":[152,153,3001],"class_list":{"0":"post-19843","1":"post","2":"type-post","3":"status-publish","4":"format-standard","5":"has-post-thumbnail","7":"category-deportes","8":"tag-liga-sanlorencina","9":"tag-psm-futbol","10":"tag-torneo-regional-federal-amateur"},"_links":{"self":[{"href":"https:\/\/www.noticiasmas.com.ar\/index.php\/wp-json\/wp\/v2\/posts\/19843","targetHints":{"allow":["GET"]}}],"collection":[{"href":"https:\/\/www.noticiasmas.com.ar\/index.php\/wp-json\/wp\/v2\/posts"}],"about":[{"href":"https:\/\/www.noticiasmas.com.ar\/index.php\/wp-json\/wp\/v2\/types\/post"}],"author":[{"embeddable":true,"href":"https:\/\/www.noticiasmas.com.ar\/index.php\/wp-json\/wp\/v2\/users\/9"}],"replies":[{"embeddable":true,"href":"https:\/\/www.noticiasmas.com.ar\/index.php\/wp-json\/wp\/v2\/comments?post=19843"}],"version-history":[{"count":1,"href":"https:\/\/www.noticiasmas.com.ar\/index.php\/wp-json\/wp\/v2\/posts\/19843\/revisions"}],"predecessor-version":[{"id":19845,"href":"https:\/\/www.noticiasmas.com.ar\/index.php\/wp-json\/wp\/v2\/posts\/19843\/revisions\/19845"}],"wp:featuredmedia":[{"embeddable":true,"href":"https:\/\/www.noticiasmas.com.ar\/index.php\/wp-json\/wp\/v2\/media\/19844"}],"wp:attachment":[{"href":"https:\/\/www.noticiasmas.com.ar\/index.php\/wp-json\/wp\/v2\/media?parent=19843"}],"wp:term":[{"taxonomy":"category","embeddable":true,"href":"https:\/\/www.noticiasmas.com.ar\/index.php\/wp-json\/wp\/v2\/categories?post=19843"},{"taxonomy":"post_tag","embeddable":true,"href":"https:\/\/www.noticiasmas.com.ar\/index.php\/wp-json\/wp\/v2\/tags?post=19843"}],"curies":[{"name":"wp","href":"https:\/\/api.w.org\/{rel}","templated":true}]}}