{"id":19872,"date":"2025-12-01T18:58:08","date_gmt":"2025-12-01T21:58:08","guid":{"rendered":"https:\/\/www.noticiasmas.com.ar\/?p=19872"},"modified":"2025-12-01T18:58:12","modified_gmt":"2025-12-01T21:58:12","slug":"puerto-san-martin-dejaron-inaugurada-la-ampliacion-del-polo-educativo-de-la-unr","status":"publish","type":"post","link":"https:\/\/www.noticiasmas.com.ar\/index.php\/2025\/12\/01\/puerto-san-martin-dejaron-inaugurada-la-ampliacion-del-polo-educativo-de-la-unr\/","title":{"rendered":"Puerto San Mart\u00edn: Dejaron inaugurada la ampliaci\u00f3n del Polo Educativo de la UNR"},"content":{"rendered":"\n<p>En un emotivo acto presidido por el intendente municipal, Carlos De Grandis y el rector de la Universidad Nacional de Rosario, Franco Bartolacci, qued\u00f3 inaugurada la ampliaci\u00f3n del edificio del Polo Educativo UNR P.G.S.M.<\/p>\n\n\n\n<p>Autoridades nacionales, provinciales, locales, del \u00e1mbito educativo, sindical y empresarial se dieron cita el vienes 28 de noviembre en el edificio de la Escuela Secundaria dependiente de la UNR para dejar inaugurada la ampliaci\u00f3n de la segunda etapa, que consta de dos partes, esta primera parte incluye un sector administrativo, sala de reuniones con dos oficinas privadas, una sala de tableros el\u00e9ctricos, seis aulas, corredores y una entrada desde el exterior. La misma respeta los mismos lineamientos arquitect\u00f3nicos de la primera etapa que ya se encuentra en funcionamiento.<\/p>\n\n\n\n<p>Los primeros alumnos cursaron el primer y segundo a\u00f1o de las carreras del Polo Educativo en aulas del Centro Cultural Municipal \u201cBatalla Punta Quebracho\u201d y el 13 de marzo de 2023, para garantizar mejores condiciones en el proceso de ense\u00f1anza, se inaugur\u00f3 el edificio propio del Polo Educativo UNR PGSM. <\/p>\n\n\n\n<p>El mismo fue construido con recursos municipales, con la apertura de 13 aulas sobre un predio que consta de 15 hect\u00e1reas, estrat\u00e9gicamente ubicadas para los estudiantes de la regi\u00f3n, con acceso por autopista Rosario-Santa Fe, por Ruta Nacional 11 y por la ex Ruta Provincial 18, hoy devenida en Avda. C\u00f3rdoba.<\/p>\n\n\n\n<p>La oportunidad fue propicia para destacar la funci\u00f3n desempe\u00f1ada por el director mandato cumplido, Edgardo Tissera, y la jefa del Departamento de Matem\u00e1tica, Silvina Yaz\u00f3n, que cesan en su actividad profesional.<\/p>\n\n\n\n<figure class=\"wp-block-image size-large\"><img loading=\"lazy\" decoding=\"async\" width=\"1024\" height=\"682\" src=\"https:\/\/www.noticiasmas.com.ar\/wp-content\/uploads\/2025\/12\/Polo-Reconocimientos-1024x682.jpg\" alt=\"\" class=\"wp-image-19873\" srcset=\"https:\/\/www.noticiasmas.com.ar\/wp-content\/uploads\/2025\/12\/Polo-Reconocimientos-1024x682.jpg 1024w, https:\/\/www.noticiasmas.com.ar\/wp-content\/uploads\/2025\/12\/Polo-Reconocimientos-300x200.jpg 300w, https:\/\/www.noticiasmas.com.ar\/wp-content\/uploads\/2025\/12\/Polo-Reconocimientos-768x511.jpg 768w, https:\/\/www.noticiasmas.com.ar\/wp-content\/uploads\/2025\/12\/Polo-Reconocimientos-150x100.jpg 150w, https:\/\/www.noticiasmas.com.ar\/wp-content\/uploads\/2025\/12\/Polo-Reconocimientos-696x463.jpg 696w, https:\/\/www.noticiasmas.com.ar\/wp-content\/uploads\/2025\/12\/Polo-Reconocimientos-1068x711.jpg 1068w, https:\/\/www.noticiasmas.com.ar\/wp-content\/uploads\/2025\/12\/Polo-Reconocimientos.jpg 1200w\" sizes=\"auto, (max-width: 1024px) 100vw, 1024px\" \/><\/figure>\n\n\n\n<p>Franco Bartolacci asegur\u00f3, \u201ca pesar de la situaci\u00f3n de desfinanciamiento universitario, este proyecto no par\u00f3\u201d, y agreg\u00f3: \u201cLo hacemos porque creemos que la educaci\u00f3n nos hace libres. Esto se puede hacer por el compromiso y la gesti\u00f3n del gobierno de Carlos De Grandis que hace que las cosas sucedan. Estamos sosteniendo todo en situaciones muy complejas, para fortalecer el sistema universitario de excelencia y que siga siendo la principal herramienta de movilidad social ascendente\u201d.<\/p>\n\n\n\n<p>Antes del corte de cintas De Grandis coment\u00f3, \u201choy concurren al Polo m\u00e1s de 500 alumnos de la ciudad y la regi\u00f3n, que cursan de primero a quinto a\u00f1o, y vuelvo a pedir p\u00fablicamente por carreras universitarias, que podr\u00edan cursarse en estas instalaciones en contraturno y, si fuera necesario, ampliar\u00edamos el edificio construyendo un primer piso en este edificio. Y asegur\u00f3 \u201clo vuelvo a pedir para que los j\u00f3venes puedan pensar en estudiar y capacitarse m\u00e1s, asegurando para todos un futuro mejor\u201d.<\/p>\n\n\n\n<p>Como sucede cada a\u00f1o, en el marco de las celebraciones del aniversario de la ciudad qued\u00f3 inaugurada otra obra p\u00fablica, patrimonio de todos, con un claro mensaje del compromiso de la gesti\u00f3n de Gobierno que lleva adelante Carlos De Grandis y que destina recursos millonarios a la educaci\u00f3n.<\/p>\n","protected":false},"excerpt":{"rendered":"<p>En un emotivo acto presidido por el intendente municipal, Carlos De Grandis y el rector de la Universidad Nacional de Rosario, Franco Bartolacci, qued\u00f3 inaugurada la ampliaci\u00f3n del edificio del Polo Educativo UNR P.G.S.M. Autoridades nacionales, provinciales, locales, del \u00e1mbito educativo, sindical y empresarial se dieron cita el vienes 28 de noviembre en el edificio [&hellip;]<\/p>\n","protected":false},"author":5,"featured_media":19874,"comment_status":"closed","ping_status":"open","sticky":false,"template":"","format":"standard","meta":{"tdm_status":"","tdm_grid_status":"","footnotes":""},"categories":[13],"tags":[5866,6043,2459,52,546],"class_list":{"0":"post-19872","1":"post","2":"type-post","3":"status-publish","4":"format-standard","5":"has-post-thumbnail","7":"category-region","8":"tag-136-aniversario","9":"tag-obras-de-ampliacion","10":"tag-polo-educativo","11":"tag-puerto-san-martin","12":"tag-unr"},"_links":{"self":[{"href":"https:\/\/www.noticiasmas.com.ar\/index.php\/wp-json\/wp\/v2\/posts\/19872","targetHints":{"allow":["GET"]}}],"collection":[{"href":"https:\/\/www.noticiasmas.com.ar\/index.php\/wp-json\/wp\/v2\/posts"}],"about":[{"href":"https:\/\/www.noticiasmas.com.ar\/index.php\/wp-json\/wp\/v2\/types\/post"}],"author":[{"embeddable":true,"href":"https:\/\/www.noticiasmas.com.ar\/index.php\/wp-json\/wp\/v2\/users\/5"}],"replies":[{"embeddable":true,"href":"https:\/\/www.noticiasmas.com.ar\/index.php\/wp-json\/wp\/v2\/comments?post=19872"}],"version-history":[{"count":1,"href":"https:\/\/www.noticiasmas.com.ar\/index.php\/wp-json\/wp\/v2\/posts\/19872\/revisions"}],"predecessor-version":[{"id":19875,"href":"https:\/\/www.noticiasmas.com.ar\/index.php\/wp-json\/wp\/v2\/posts\/19872\/revisions\/19875"}],"wp:featuredmedia":[{"embeddable":true,"href":"https:\/\/www.noticiasmas.com.ar\/index.php\/wp-json\/wp\/v2\/media\/19874"}],"wp:attachment":[{"href":"https:\/\/www.noticiasmas.com.ar\/index.php\/wp-json\/wp\/v2\/media?parent=19872"}],"wp:term":[{"taxonomy":"category","embeddable":true,"href":"https:\/\/www.noticiasmas.com.ar\/index.php\/wp-json\/wp\/v2\/categories?post=19872"},{"taxonomy":"post_tag","embeddable":true,"href":"https:\/\/www.noticiasmas.com.ar\/index.php\/wp-json\/wp\/v2\/tags?post=19872"}],"curies":[{"name":"wp","href":"https:\/\/api.w.org\/{rel}","templated":true}]}}