{"id":19911,"date":"2025-12-03T09:32:36","date_gmt":"2025-12-03T12:32:36","guid":{"rendered":"https:\/\/www.noticiasmas.com.ar\/?p=19911"},"modified":"2025-12-03T09:34:47","modified_gmt":"2025-12-03T12:34:47","slug":"cinco-muertos-en-un-choque-frontal-multiple-en-la-ruta-90-entre-alcorta-y-maximo-paz","status":"publish","type":"post","link":"https:\/\/www.noticiasmas.com.ar\/index.php\/2025\/12\/03\/cinco-muertos-en-un-choque-frontal-multiple-en-la-ruta-90-entre-alcorta-y-maximo-paz\/","title":{"rendered":"Cinco muertos en un choque frontal m\u00faltiple en la ruta 90 entre Alcorta y M\u00e1ximo Paz"},"content":{"rendered":"\n<p>La ruta 90 volvi\u00f3 a ser escenario de una tragedia este viernes por la madrugada, cuando un violento choque frontal entre tres veh\u00edculos, a la altura del kil\u00f3metro 86, dej\u00f3 cinco personas fallecidas y dos ilesas. Las causas del siniestro a\u00fan se encuentran bajo investigaci\u00f3n.<\/p>\n\n\n\n<p>De acuerdo con las primeras informaciones, el accidente involucr\u00f3 a un Ford Focus conducido por un hombre mayor de edad, oriundo de Alcorta, quien muri\u00f3 en el acto y qued\u00f3 atrapado dentro del veh\u00edculo. Tambi\u00e9n particip\u00f3 un Volkswagen Gol en el que viajaban cuatro mujeres de M\u00e1ximo Paz: tres fallecieron en el lugar y la cuarta, trasladada de urgencia al Samco local, muri\u00f3 minutos despu\u00e9s por la gravedad de sus heridas.<\/p>\n\n\n\n<p>Un tercer veh\u00edculo, una Ford Ecosport con dos ocupantes, no sufri\u00f3 lesiones. Seg\u00fan se detall\u00f3, esta unidad no protagoniz\u00f3 el impacto inicial, sino que colision\u00f3 con autopartes esparcidas en la calzada tras el choque principal.<\/p>\n\n\n\n<p>En el Volkswagen Gol, que regresaba desde Melincu\u00e9 hacia M\u00e1ximo Paz, viajaban Nancy Gloria Albarrac\u00edn (63), Claudia Patricia Risso (56), Nanci Marcela Beliera (58) y Marisa Grimi (58). Dos de ellas se desempe\u00f1aban como docentes.\u00a0<\/p>\n\n\n\n<p>Por su parte, en el Ford Focus gris, que circulaba en sentido contrario, viajaba Javier Alberto Pellegrini (49), vecino de Alcorta, mec\u00e1nico reconocido en la regi\u00f3n por su labor profesional y su pasi\u00f3n por el motociclismo y el automovilismo ya que corr\u00eda en karting.<\/p>\n\n\n\n<p>El operativo de rescate demand\u00f3 varias horas. Bomberos Voluntarios de Alcorta \u2014con cuatro dotaciones\u2014 trabajaron junto a personal policial, Polic\u00eda Cient\u00edfica y el m\u00e9dico policial para extraer los cuerpos atrapados, utilizando herramientas hidr\u00e1ulicas. La ruta permaneci\u00f3 totalmente cortada hasta pasadas las 6 de la ma\u00f1ana.<\/p>\n\n\n\n<p>El jefe del Cuerpo Activo, Comandante General Sergio Cirucich, estuvo al frente del procedimiento. Las pericias contin\u00faan para determinar c\u00f3mo se origin\u00f3 el fatal siniestro.<\/p>\n","protected":false},"excerpt":{"rendered":"<p>La ruta 90 volvi\u00f3 a ser escenario de una tragedia este viernes por la madrugada, cuando un violento choque frontal entre tres veh\u00edculos, a la altura del kil\u00f3metro 86, dej\u00f3 cinco personas fallecidas y dos ilesas. Las causas del siniestro a\u00fan se encuentran bajo investigaci\u00f3n. De acuerdo con las primeras informaciones, el accidente involucr\u00f3 a [&hellip;]<\/p>\n","protected":false},"author":9,"featured_media":19912,"comment_status":"closed","ping_status":"open","sticky":false,"template":"","format":"standard","meta":{"tdm_status":"","tdm_grid_status":"","footnotes":""},"categories":[9],"tags":[6053,172,6054,571],"class_list":{"0":"post-19911","1":"post","2":"type-post","3":"status-publish","4":"format-standard","5":"has-post-thumbnail","7":"category-policiales","8":"tag-choque-frontal","9":"tag-policiales","10":"tag-ruta-90","11":"tag-transito"},"_links":{"self":[{"href":"https:\/\/www.noticiasmas.com.ar\/index.php\/wp-json\/wp\/v2\/posts\/19911","targetHints":{"allow":["GET"]}}],"collection":[{"href":"https:\/\/www.noticiasmas.com.ar\/index.php\/wp-json\/wp\/v2\/posts"}],"about":[{"href":"https:\/\/www.noticiasmas.com.ar\/index.php\/wp-json\/wp\/v2\/types\/post"}],"author":[{"embeddable":true,"href":"https:\/\/www.noticiasmas.com.ar\/index.php\/wp-json\/wp\/v2\/users\/9"}],"replies":[{"embeddable":true,"href":"https:\/\/www.noticiasmas.com.ar\/index.php\/wp-json\/wp\/v2\/comments?post=19911"}],"version-history":[{"count":2,"href":"https:\/\/www.noticiasmas.com.ar\/index.php\/wp-json\/wp\/v2\/posts\/19911\/revisions"}],"predecessor-version":[{"id":19914,"href":"https:\/\/www.noticiasmas.com.ar\/index.php\/wp-json\/wp\/v2\/posts\/19911\/revisions\/19914"}],"wp:featuredmedia":[{"embeddable":true,"href":"https:\/\/www.noticiasmas.com.ar\/index.php\/wp-json\/wp\/v2\/media\/19912"}],"wp:attachment":[{"href":"https:\/\/www.noticiasmas.com.ar\/index.php\/wp-json\/wp\/v2\/media?parent=19911"}],"wp:term":[{"taxonomy":"category","embeddable":true,"href":"https:\/\/www.noticiasmas.com.ar\/index.php\/wp-json\/wp\/v2\/categories?post=19911"},{"taxonomy":"post_tag","embeddable":true,"href":"https:\/\/www.noticiasmas.com.ar\/index.php\/wp-json\/wp\/v2\/tags?post=19911"}],"curies":[{"name":"wp","href":"https:\/\/api.w.org\/{rel}","templated":true}]}}