{"id":19936,"date":"2025-12-03T18:39:12","date_gmt":"2025-12-03T21:39:12","guid":{"rendered":"https:\/\/www.noticiasmas.com.ar\/?p=19936"},"modified":"2025-12-03T18:39:15","modified_gmt":"2025-12-03T21:39:15","slug":"los-cadetes-seran-recibidos-este-jueves-por-la-nueva-conduccion-de-cgt-nacional","status":"publish","type":"post","link":"https:\/\/www.noticiasmas.com.ar\/index.php\/2025\/12\/03\/los-cadetes-seran-recibidos-este-jueves-por-la-nueva-conduccion-de-cgt-nacional\/","title":{"rendered":"LOS CADETES SER\u00c1N RECIBIDOS ESTE JUEVES POR LA NUEVA CONDUCCI\u00d3N DE CGT NACIONAL"},"content":{"rendered":"\n<p>Buscan apoyo para rechazar la iniciativa del Gobierno de Javier Milei de ser catalogados como &#8220;Trabajadores Independientes&#8221;. Gremios del sector de todo el pa\u00eds vienen de reunirse con diputados de Uni\u00f3n por la Patria.<\/p>\n\n\n\n<p>El gobierno nacional ha planteado introducir un marco regulatorio para los trabajadores de plataformas (Rappi, Pedidos Ya, Uber, Cabify y Didi). Ahora bien tanto Rappi como Pedidos Ya, relaciona directamente a los trabajadores cadetes.<\/p>\n\n\n\n<p>De avanzar con la idea, evidentemente se evadir\u00e1 el reconocimiento de la relaci\u00f3n de dependencia subyacente, reconoci\u00e9ndolos como \u201ctrabajadores aut\u00f3nomos\u201d a cargo de las obligaciones fiscales y de otros gastos. Desde el Sindicato de Cadetes de Rosario han rechazado la iniciativa al considerarse profundizar la precarizaci\u00f3n laboral en el sector.<\/p>\n\n\n\n<p>Ahora bien, la reforma que plantea introducir el gobierno tipifica a estos trabajadores en los marcos del trabajo independiente, sobre la base de una supuesta \u201clibertad de contratos\u201d.<\/p>\n\n\n\n<p>Tal situaci\u00f3n ha hecho que distintos sindicatos de cadetes del pa\u00eds, incluyendo el de Rosario- hayan pedido una reuni\u00f3n con la nueva conducci\u00f3n de la CGT nacional que ser\u00e1 este jueves a las 15 horas en la sede de calle Azopardo en Buenos Aires.<\/p>\n\n\n\n<p>\u201cLes expresamos nuestra preocupaci\u00f3n por la reforma laboral regresiva que impulsa el gobierno nacional y, particularmente, por la intenci\u00f3n de definirnos como trabajadores independientes, legalizando as\u00ed la precarizaci\u00f3n que ya padecemos todos los d\u00edas\u201d, dijo Nicolas Martinez, Secretario General del Sindicato de Cadetes de Rosario.<\/p>\n\n\n\n<p>Cabe indicar, que los gremios que nuclean a trabajadores cadetes vienen de reunirse \u2013 hace unos d\u00edas \u2013 con los diputados Germ\u00e1n Mart\u00ednez, Eduardo Toniolli y Vanesa Siley de Uni\u00f3n por la Patria en el Congreso Nacional.<\/p>\n\n\n\n<p>\u201cAnalizamos en conjunto las estrategias a seguir para defender nuestros derechos laborales y avanzar en un marco legal que reconozca a las y los repartidores como trabajadores con derechos\u201d, narr\u00f3 Marrtinez en torno a dicha reuni\u00f3n .<\/p>\n\n\n\n<p>De la reuni\u00f3n particip\u00f3 adem\u00e1s la Fundaci\u00f3n Encuentro, aportando su informe \u201cAPP: Coeficiente de Alcance del Pedido Promedio\u201d, que da cuenta de la realidad del trabajo en plataformas y la situaci\u00f3n cr\u00edtica del sector.<\/p>\n\n\n\n<p>\u201cNo nos vamos a quedar de brazos cruzados mientras el gobierno de Milei intenta condenarnos a la explotaci\u00f3n y la miseria.<br>Vamos a dar esta lucha en unidad, por la dignidad de todas y todos los cadetes del pa\u00eds\u201d, se\u00f1al\u00f3 el Secretario General del Sindicato de cadetes de Rosario.<\/p>\n","protected":false},"excerpt":{"rendered":"<p>Buscan apoyo para rechazar la iniciativa del Gobierno de Javier Milei de ser catalogados como &#8220;Trabajadores Independientes&#8221;. Gremios del sector de todo el pa\u00eds vienen de reunirse con diputados de Uni\u00f3n por la Patria. El gobierno nacional ha planteado introducir un marco regulatorio para los trabajadores de plataformas (Rappi, Pedidos Ya, Uber, Cabify y Didi). [&hellip;]<\/p>\n","protected":false},"author":5,"featured_media":19937,"comment_status":"closed","ping_status":"open","sticky":false,"template":"","format":"standard","meta":{"tdm_status":"","tdm_grid_status":"","footnotes":""},"categories":[13],"tags":[6058,6059,163,6057],"class_list":{"0":"post-19936","1":"post","2":"type-post","3":"status-publish","4":"format-standard","5":"has-post-thumbnail","7":"category-region","8":"tag-cgt-nacional","9":"tag-contra-la-reforma","10":"tag-rosario","11":"tag-sindicato-de-cadetes-rosario"},"_links":{"self":[{"href":"https:\/\/www.noticiasmas.com.ar\/index.php\/wp-json\/wp\/v2\/posts\/19936","targetHints":{"allow":["GET"]}}],"collection":[{"href":"https:\/\/www.noticiasmas.com.ar\/index.php\/wp-json\/wp\/v2\/posts"}],"about":[{"href":"https:\/\/www.noticiasmas.com.ar\/index.php\/wp-json\/wp\/v2\/types\/post"}],"author":[{"embeddable":true,"href":"https:\/\/www.noticiasmas.com.ar\/index.php\/wp-json\/wp\/v2\/users\/5"}],"replies":[{"embeddable":true,"href":"https:\/\/www.noticiasmas.com.ar\/index.php\/wp-json\/wp\/v2\/comments?post=19936"}],"version-history":[{"count":1,"href":"https:\/\/www.noticiasmas.com.ar\/index.php\/wp-json\/wp\/v2\/posts\/19936\/revisions"}],"predecessor-version":[{"id":19938,"href":"https:\/\/www.noticiasmas.com.ar\/index.php\/wp-json\/wp\/v2\/posts\/19936\/revisions\/19938"}],"wp:featuredmedia":[{"embeddable":true,"href":"https:\/\/www.noticiasmas.com.ar\/index.php\/wp-json\/wp\/v2\/media\/19937"}],"wp:attachment":[{"href":"https:\/\/www.noticiasmas.com.ar\/index.php\/wp-json\/wp\/v2\/media?parent=19936"}],"wp:term":[{"taxonomy":"category","embeddable":true,"href":"https:\/\/www.noticiasmas.com.ar\/index.php\/wp-json\/wp\/v2\/categories?post=19936"},{"taxonomy":"post_tag","embeddable":true,"href":"https:\/\/www.noticiasmas.com.ar\/index.php\/wp-json\/wp\/v2\/tags?post=19936"}],"curies":[{"name":"wp","href":"https:\/\/api.w.org\/{rel}","templated":true}]}}