{"id":19997,"date":"2025-12-09T08:15:57","date_gmt":"2025-12-09T11:15:57","guid":{"rendered":"https:\/\/www.noticiasmas.com.ar\/?p=19997"},"modified":"2025-12-09T08:16:01","modified_gmt":"2025-12-09T11:16:01","slug":"modernizacion-laboral-reforma-penal-y-estabilidad-fiscal-los-nuevos-proyectos-que-el-gobierno-envio-al-congreso","status":"publish","type":"post","link":"https:\/\/www.noticiasmas.com.ar\/index.php\/2025\/12\/09\/modernizacion-laboral-reforma-penal-y-estabilidad-fiscal-los-nuevos-proyectos-que-el-gobierno-envio-al-congreso\/","title":{"rendered":"Modernizaci\u00f3n laboral, reforma penal y estabilidad fiscal: los nuevos proyectos que el gobierno envi\u00f3 al Congreso"},"content":{"rendered":"\n<p>El Gobierno nacional oficializ\u00f3 la convocatoria a sesiones extraordinarias del Congreso, que se desarrollar\u00e1n entre el <strong>10 y el 30 de diciembre<\/strong>, con un temario centrado en el <strong>Presupuesto 2026<\/strong> y un amplio paquete de reformas fiscales, laborales, penales y ambientales.<\/p>\n\n\n\n<p>La medida qued\u00f3 establecida en el <strong>Decreto 865\/2025<\/strong>, publicado en el Bolet\u00edn Oficial y firmado por el presidente <strong>Javier Milei<\/strong> y el jefe de Gabinete <strong>Manuel Adorni<\/strong>. Seg\u00fan lo dispuesto, durante esas fechas el Congreso solo podr\u00e1 tratar los proyectos incluidos en el anexo, encabezados por la <strong>Ley de Presupuesto General de la Administraci\u00f3n Nacional para 2026<\/strong>, que prev\u00e9 para el pr\u00f3ximo a\u00f1o un resultado financiero equilibrado o levemente superavitario, en l\u00ednea con la estrategia oficial de consolidaci\u00f3n fiscal.<\/p>\n\n\n\n<p>Los <strong>seis proyectos<\/strong> incluidos en el temario de extraordinarias son:<\/p>\n\n\n\n<ul class=\"wp-block-list\">\n<li><strong>Ley de Presupuesto General de la Administraci\u00f3n Nacional 2026<\/strong><\/li>\n\n\n\n<li><strong>Ley de Inocencia Fiscal<\/strong><\/li>\n\n\n\n<li><strong>Ley de Compromiso Nacional para la Estabilidad Fiscal y Monetaria<\/strong><\/li>\n\n\n\n<li><strong>Ley de Modernizaci\u00f3n Laboral<\/strong><\/li>\n\n\n\n<li><strong>Reforma del C\u00f3digo Penal<\/strong><\/li>\n\n\n\n<li><strong>Adecuaci\u00f3n del R\u00e9gimen de Presupuestos M\u00ednimos para la Preservaci\u00f3n de los Glaciares y del Ambiente Periglacial (Ley 26.639)<\/strong><\/li>\n<\/ul>\n\n\n\n<p>Dentro del paquete, el Gobierno destac\u00f3 el env\u00edo de la <strong>Ley de Inocencia Fiscal<\/strong>, que busca redefinir criterios de responsabilidad y carga de la prueba en materia tributaria, adem\u00e1s de la <strong>Ley de Compromiso Nacional para la Estabilidad Fiscal y Monetaria<\/strong>, pensada como un marco de reglas para limitar el d\u00e9ficit, ordenar el gasto y restringir el financiamiento v\u00eda emisi\u00f3n o endeudamiento.<\/p>\n\n\n\n<p>En el plano laboral, el Ejecutivo anunciar\u00e1 una <strong>Ley de Modernizaci\u00f3n Laboral<\/strong>, que incluir\u00eda modificaciones en reg\u00edmenes especiales, esquemas de indemnizaciones y normas sobre contrataci\u00f3n, pasant\u00edas y nuevas modalidades de trabajo.<\/p>\n\n\n\n<p>El temario se completa con una <strong>reforma integral del C\u00f3digo Penal<\/strong> y una ley de <strong>adecuaci\u00f3n del r\u00e9gimen de protecci\u00f3n de glaciares y ambiente periglacial<\/strong>, orientada a compatibilizar la normativa ambiental vigente con proyectos de inversi\u00f3n, especialmente en zonas cordilleranas.<\/p>\n","protected":false},"excerpt":{"rendered":"<p>El Gobierno nacional oficializ\u00f3 la convocatoria a sesiones extraordinarias del Congreso, que se desarrollar\u00e1n entre el 10 y el 30 de diciembre, con un temario centrado en el Presupuesto 2026 y un amplio paquete de reformas fiscales, laborales, penales y ambientales. La medida qued\u00f3 establecida en el Decreto 865\/2025, publicado en el Bolet\u00edn Oficial y [&hellip;]<\/p>\n","protected":false},"author":9,"featured_media":19998,"comment_status":"closed","ping_status":"open","sticky":false,"template":"","format":"standard","meta":{"tdm_status":"","tdm_grid_status":"","footnotes":""},"categories":[8],"tags":[764,206,60],"class_list":{"0":"post-19997","1":"post","2":"type-post","3":"status-publish","4":"format-standard","5":"has-post-thumbnail","7":"category-politica","8":"tag-congreso-de-la-nacion-2","9":"tag-gobierno-nacional","10":"tag-javier-milei"},"_links":{"self":[{"href":"https:\/\/www.noticiasmas.com.ar\/index.php\/wp-json\/wp\/v2\/posts\/19997","targetHints":{"allow":["GET"]}}],"collection":[{"href":"https:\/\/www.noticiasmas.com.ar\/index.php\/wp-json\/wp\/v2\/posts"}],"about":[{"href":"https:\/\/www.noticiasmas.com.ar\/index.php\/wp-json\/wp\/v2\/types\/post"}],"author":[{"embeddable":true,"href":"https:\/\/www.noticiasmas.com.ar\/index.php\/wp-json\/wp\/v2\/users\/9"}],"replies":[{"embeddable":true,"href":"https:\/\/www.noticiasmas.com.ar\/index.php\/wp-json\/wp\/v2\/comments?post=19997"}],"version-history":[{"count":1,"href":"https:\/\/www.noticiasmas.com.ar\/index.php\/wp-json\/wp\/v2\/posts\/19997\/revisions"}],"predecessor-version":[{"id":19999,"href":"https:\/\/www.noticiasmas.com.ar\/index.php\/wp-json\/wp\/v2\/posts\/19997\/revisions\/19999"}],"wp:featuredmedia":[{"embeddable":true,"href":"https:\/\/www.noticiasmas.com.ar\/index.php\/wp-json\/wp\/v2\/media\/19998"}],"wp:attachment":[{"href":"https:\/\/www.noticiasmas.com.ar\/index.php\/wp-json\/wp\/v2\/media?parent=19997"}],"wp:term":[{"taxonomy":"category","embeddable":true,"href":"https:\/\/www.noticiasmas.com.ar\/index.php\/wp-json\/wp\/v2\/categories?post=19997"},{"taxonomy":"post_tag","embeddable":true,"href":"https:\/\/www.noticiasmas.com.ar\/index.php\/wp-json\/wp\/v2\/tags?post=19997"}],"curies":[{"name":"wp","href":"https:\/\/api.w.org\/{rel}","templated":true}]}}