{"id":20016,"date":"2025-12-09T09:35:49","date_gmt":"2025-12-09T12:35:49","guid":{"rendered":"https:\/\/www.noticiasmas.com.ar\/?p=20016"},"modified":"2025-12-09T09:35:52","modified_gmt":"2025-12-09T12:35:52","slug":"sarampion-se-detectaron-casos-en-entre-rios-y-santa-fe-y-crece-el-temor-a-nuevos-contagios","status":"publish","type":"post","link":"https:\/\/www.noticiasmas.com.ar\/index.php\/2025\/12\/09\/sarampion-se-detectaron-casos-en-entre-rios-y-santa-fe-y-crece-el-temor-a-nuevos-contagios\/","title":{"rendered":"Sarampi\u00f3n: se detectaron casos en Entre R\u00edos y Santa Fe y crece el temor a nuevos contagios"},"content":{"rendered":"\n<p>En las \u00faltimas horas se confirm\u00f3 un caso de sarampi\u00f3n en un ni\u00f1o residente de Entre R\u00edos, lo que llev\u00f3 al Ministerio de Salud a emitir una alerta epidemiol\u00f3gica para reforzar la vigilancia y prevenir la propagaci\u00f3n de la enfermedad. La cartera sanitaria inst\u00f3 a los equipos m\u00e9dicos a verificar y completar los esquemas de vacunaci\u00f3n, adem\u00e1s de sensibilizar a la poblaci\u00f3n sobre la importancia de consultar de inmediato ante la aparici\u00f3n de fiebre y erupciones cut\u00e1neas.<\/p>\n\n\n\n<p>El sarampi\u00f3n es una enfermedad viral altamente contagiosa que puede afectar a personas de todas las edades. Sus s\u00edntomas m\u00e1s frecuentes incluyen fiebre alta, manchas rojas en la piel, secreci\u00f3n nasal, conjuntivitis y tos. En casos graves \u2014especialmente en menores de 5 a\u00f1os o personas con malnutrici\u00f3n\u2014 puede derivar en neumon\u00eda, convulsiones, meningoencefalitis, ceguera o trastornos neurol\u00f3gicos severos, e incluso provocar la muerte. El virus se transmite por las gotas que expulsa una persona infectada al toser o estornudar, y puede permanecer activo hasta dos horas en el aire o sobre superficies. Aunque no existe un tratamiento antiviral espec\u00edfico, la enfermedad puede prevenirse eficazmente mediante la vacunaci\u00f3n.<\/p>\n\n\n\n<p><strong>La situaci\u00f3n actual<\/strong><\/p>\n\n\n\n<p>El viernes pasado, el Sistema Nacional de Vigilancia de la Salud confirm\u00f3 un caso sospechoso en un ni\u00f1o de 2 a\u00f1os y 4 meses, residente en Santa Elena, en el departamento La Paz. Los primeros s\u00edntomas comenzaron el 24 de noviembre, con fiebre de 38\u00b0C, exantema generalizado y s\u00edntomas respiratorios. La primera consulta m\u00e9dica ocurri\u00f3 dos d\u00edas despu\u00e9s en un centro pedi\u00e1trico local, donde no requiri\u00f3 internaci\u00f3n y se tomaron las muestras para el diagn\u00f3stico inicial.<\/p>\n\n\n\n<p>Un an\u00e1lisis de IgM realizado en la provincia arroj\u00f3 un resultado indeterminado, por lo que las muestras fueron enviadas al Laboratorio Nacional de Referencia. All\u00ed se confirm\u00f3 la presencia del virus mediante rt-PCR y se avanz\u00f3 con estudios para identificar el genotipo viral. El ni\u00f1o cuenta con una dosis de vacuna triple viral aplicada en noviembre de 2024, no tiene comorbilidades y permanece cl\u00ednicamente estable, aislado en su domicilio junto a su familia.<\/p>\n\n\n\n<p>Durante la investigaci\u00f3n epidemiol\u00f3gica se detect\u00f3 un antecedente de viaje a la localidad santafesina de Casilda entre el 14 y el 15 de noviembre. Tambi\u00e9n se identificaron los contactos estrechos dentro del per\u00edodo de transmisibilidad y se verificaron sus esquemas de vacunaci\u00f3n. Todos ellos est\u00e1n bajo seguimiento activo, con indicaciones de aislamiento y monitoreo de s\u00edntomas seg\u00fan el nivel de exposici\u00f3n.<\/p>\n\n\n\n<p>Los equipos sanitarios locales y provinciales, junto con la Direcci\u00f3n de Control de Enfermedades Inmunoprevenibles y la Direcci\u00f3n de Epidemiolog\u00eda, contin\u00faan trabajando en la investigaci\u00f3n del caso, el bloqueo del foco, la b\u00fasqueda activa de contactos y el refuerzo de las medidas de prevenci\u00f3n y control en los lugares involucrados.<\/p>\n","protected":false},"excerpt":{"rendered":"<p>En las \u00faltimas horas se confirm\u00f3 un caso de sarampi\u00f3n en un ni\u00f1o residente de Entre R\u00edos, lo que llev\u00f3 al Ministerio de Salud a emitir una alerta epidemiol\u00f3gica para reforzar la vigilancia y prevenir la propagaci\u00f3n de la enfermedad. La cartera sanitaria inst\u00f3 a los equipos m\u00e9dicos a verificar y completar los esquemas de [&hellip;]<\/p>\n","protected":false},"author":9,"featured_media":20017,"comment_status":"closed","ping_status":"open","sticky":false,"template":"","format":"standard","meta":{"tdm_status":"","tdm_grid_status":"","footnotes":""},"categories":[1],"tags":[6084,53,18,1398],"class_list":{"0":"post-20016","1":"post","2":"type-post","3":"status-publish","4":"format-standard","5":"has-post-thumbnail","7":"category-nacionales","8":"tag-entre-rios-2","9":"tag-salud","10":"tag-santa-fe","11":"tag-sarampion"},"_links":{"self":[{"href":"https:\/\/www.noticiasmas.com.ar\/index.php\/wp-json\/wp\/v2\/posts\/20016","targetHints":{"allow":["GET"]}}],"collection":[{"href":"https:\/\/www.noticiasmas.com.ar\/index.php\/wp-json\/wp\/v2\/posts"}],"about":[{"href":"https:\/\/www.noticiasmas.com.ar\/index.php\/wp-json\/wp\/v2\/types\/post"}],"author":[{"embeddable":true,"href":"https:\/\/www.noticiasmas.com.ar\/index.php\/wp-json\/wp\/v2\/users\/9"}],"replies":[{"embeddable":true,"href":"https:\/\/www.noticiasmas.com.ar\/index.php\/wp-json\/wp\/v2\/comments?post=20016"}],"version-history":[{"count":1,"href":"https:\/\/www.noticiasmas.com.ar\/index.php\/wp-json\/wp\/v2\/posts\/20016\/revisions"}],"predecessor-version":[{"id":20018,"href":"https:\/\/www.noticiasmas.com.ar\/index.php\/wp-json\/wp\/v2\/posts\/20016\/revisions\/20018"}],"wp:featuredmedia":[{"embeddable":true,"href":"https:\/\/www.noticiasmas.com.ar\/index.php\/wp-json\/wp\/v2\/media\/20017"}],"wp:attachment":[{"href":"https:\/\/www.noticiasmas.com.ar\/index.php\/wp-json\/wp\/v2\/media?parent=20016"}],"wp:term":[{"taxonomy":"category","embeddable":true,"href":"https:\/\/www.noticiasmas.com.ar\/index.php\/wp-json\/wp\/v2\/categories?post=20016"},{"taxonomy":"post_tag","embeddable":true,"href":"https:\/\/www.noticiasmas.com.ar\/index.php\/wp-json\/wp\/v2\/tags?post=20016"}],"curies":[{"name":"wp","href":"https:\/\/api.w.org\/{rel}","templated":true}]}}