{"id":20043,"date":"2025-12-09T21:10:43","date_gmt":"2025-12-10T00:10:43","guid":{"rendered":"https:\/\/www.noticiasmas.com.ar\/?p=20043"},"modified":"2025-12-09T21:10:48","modified_gmt":"2025-12-10T00:10:48","slug":"cadetes-se-reunieron-con-la-conduccion-de-la-cgt-nacional-y-se-trajeron-el-respaldo-de-la-central-obrera-a-los-reclamos-del-sector","status":"publish","type":"post","link":"https:\/\/www.noticiasmas.com.ar\/index.php\/2025\/12\/09\/cadetes-se-reunieron-con-la-conduccion-de-la-cgt-nacional-y-se-trajeron-el-respaldo-de-la-central-obrera-a-los-reclamos-del-sector\/","title":{"rendered":"CADETES SE REUNIERON CON LA CONDUCCI\u00d3N DE LA CGT NACIONAL Y SE TRAJERON EL RESPALDO DE LA CENTRAL OBRERA A LOS RECLAMOS DEL SECTOR"},"content":{"rendered":"\n<p>El avance de la reforma laboral que promueve el gobierno nacional sigue prendiendo las alertas de distintos sectores que representan a trabajadores. Uno de ellos son los cadetes, actividad hist\u00f3ricamente precarizada y que entidades gremiales con distintas iniciativas vienen intentando regular.<\/p>\n\n\n\n<p>Por lo pronto, un concepto que preocupa al sector es de trabajo independiente que pretende forzar el gobierno de Milei en el trazado de la reforma que ya circula por distintas oficinas para su evaluaci\u00f3n. La CGT nacional ya anticip\u00f3 \u2013 luego de estudiar el borrador ya la rechaz\u00f3 \u2013<\/p>\n\n\n\n<p>En ese contexto, sindicatos cadetes de todo el pa\u00eds vienen de reunirse con la c\u00fapula de la central obrera nacional. As\u00ed lo confirm\u00f3 Nicol\u00e1s Mart\u00ednez, Secretario General del SITRAREP \u2013 Sindicato de Trabajadores Cadetes y Repartidores de la Provincia de Santa Fe.<\/p>\n\n\n\n<p>El encuentro fue en la sede hist\u00f3rica de la CGT, en Azopardo 802. Estuvieron los triunviros Cristian Jer\u00f3nimo y Octavio Arguello, acompa\u00f1ados por miembros del Consejo Directivo. Y del sector de los cadetes adem\u00e1s del sindicato santafesino participaron ASiMM y SUCMRA.<\/p>\n\n\n\n<p>En el encuentro \u201cplanteamos nuestra preocupaci\u00f3n por el impacto que tendr\u00eda la reforma laboral impulsada por el gobierno nacional, que pretende profundizar la precarizaci\u00f3n del trabajo de reparto, desconociendo derechos b\u00e1sicos y proponiendo la figura de trabajadores independientes, lo que implicar\u00eda legalizar la explotaci\u00f3n que ya sufrimos.\u201d, relat\u00f3 Martinez.<\/p>\n\n\n\n<p>Desde SITRAREP \u201cexpusimos la realidad concreta que vivimos miles de cadetes y repartidores: ingresos inestables, falta de derechos, desprotecci\u00f3n social. Para nosotros es fundamental es fundamental que la nueva conducci\u00f3n de la central obrera conozca de primera mano la postura del sector ante la reforma laboral y la situaci\u00f3n que atraviesan los repartidores de plataformas\u201d, agreg\u00f3.<\/p>\n\n\n\n<p>Por parte de la conducci\u00f3n de la CGT \u2013 seg\u00fan el titular de Sitrarep &#8211; expres\u00f3 \u201cun fuerte respaldo a nuestro sector\u201d. \u201cSe pusieron a disposici\u00f3n para acompa\u00f1ar nuestros reclamos, ayudarnos a elaborar propuestas alternativas propias y defender nuestros derechos en todos los \u00e1mbitos donde sea necesario dar la disputa\u201d, cont\u00f3 Martinez.<\/p>\n\n\n\n<p>El encuentro se produjo d\u00edas despu\u00e9s de las reuniones con diputados del bloque de Fuerza Patria, como parte de una agenda que apunta a instalar la problem\u00e1tica del sector en todos los \u00e1mbitos pol\u00edticos y gremiales.<\/p>\n\n\n\n<p>\u201cDesde el sindicato no vamos a permitir que nos arrebaten nuestros derechos y nos condenen a la explotaci\u00f3n. Con unidad, fuerza y convicci\u00f3n, vamos a defender la dignidad de cada trabajador cadete y repartidor\u201d, cerraron los cadetes.<\/p>\n","protected":false},"excerpt":{"rendered":"<p>El avance de la reforma laboral que promueve el gobierno nacional sigue prendiendo las alertas de distintos sectores que representan a trabajadores. Uno de ellos son los cadetes, actividad hist\u00f3ricamente precarizada y que entidades gremiales con distintas iniciativas vienen intentando regular. Por lo pronto, un concepto que preocupa al sector es de trabajo independiente que [&hellip;]<\/p>\n","protected":false},"author":5,"featured_media":20044,"comment_status":"closed","ping_status":"open","sticky":false,"template":"","format":"standard","meta":{"tdm_status":"","tdm_grid_status":"","footnotes":""},"categories":[13],"tags":[6058,361,163,6057],"class_list":{"0":"post-20043","1":"post","2":"type-post","3":"status-publish","4":"format-standard","5":"has-post-thumbnail","7":"category-region","8":"tag-cgt-nacional","9":"tag-reunion","10":"tag-rosario","11":"tag-sindicato-de-cadetes-rosario"},"_links":{"self":[{"href":"https:\/\/www.noticiasmas.com.ar\/index.php\/wp-json\/wp\/v2\/posts\/20043","targetHints":{"allow":["GET"]}}],"collection":[{"href":"https:\/\/www.noticiasmas.com.ar\/index.php\/wp-json\/wp\/v2\/posts"}],"about":[{"href":"https:\/\/www.noticiasmas.com.ar\/index.php\/wp-json\/wp\/v2\/types\/post"}],"author":[{"embeddable":true,"href":"https:\/\/www.noticiasmas.com.ar\/index.php\/wp-json\/wp\/v2\/users\/5"}],"replies":[{"embeddable":true,"href":"https:\/\/www.noticiasmas.com.ar\/index.php\/wp-json\/wp\/v2\/comments?post=20043"}],"version-history":[{"count":1,"href":"https:\/\/www.noticiasmas.com.ar\/index.php\/wp-json\/wp\/v2\/posts\/20043\/revisions"}],"predecessor-version":[{"id":20045,"href":"https:\/\/www.noticiasmas.com.ar\/index.php\/wp-json\/wp\/v2\/posts\/20043\/revisions\/20045"}],"wp:featuredmedia":[{"embeddable":true,"href":"https:\/\/www.noticiasmas.com.ar\/index.php\/wp-json\/wp\/v2\/media\/20044"}],"wp:attachment":[{"href":"https:\/\/www.noticiasmas.com.ar\/index.php\/wp-json\/wp\/v2\/media?parent=20043"}],"wp:term":[{"taxonomy":"category","embeddable":true,"href":"https:\/\/www.noticiasmas.com.ar\/index.php\/wp-json\/wp\/v2\/categories?post=20043"},{"taxonomy":"post_tag","embeddable":true,"href":"https:\/\/www.noticiasmas.com.ar\/index.php\/wp-json\/wp\/v2\/tags?post=20043"}],"curies":[{"name":"wp","href":"https:\/\/api.w.org\/{rel}","templated":true}]}}