{"id":20057,"date":"2025-12-10T11:24:39","date_gmt":"2025-12-10T14:24:39","guid":{"rendered":"https:\/\/www.noticiasmas.com.ar\/?p=20057"},"modified":"2025-12-10T11:24:43","modified_gmt":"2025-12-10T14:24:43","slug":"el-nuevo-congreso-de-milei-inicia-sesiones-extraordinarias-con-el-presupuesto-2026-y-la-modernizacion-laboral-como-ejes-del-debate","status":"publish","type":"post","link":"https:\/\/www.noticiasmas.com.ar\/index.php\/2025\/12\/10\/el-nuevo-congreso-de-milei-inicia-sesiones-extraordinarias-con-el-presupuesto-2026-y-la-modernizacion-laboral-como-ejes-del-debate\/","title":{"rendered":"El nuevo Congreso de Milei inicia sesiones extraordinarias con el Presupuesto 2026 y la modernizaci\u00f3n laboral como ejes del debate"},"content":{"rendered":"\n<p>El Congreso Nacional abrir\u00e1 este mi\u00e9rcoles el per\u00edodo de sesiones extraordinarias para tratar un paquete de proyectos clave, entre ellos el primer Presupuesto de la gesti\u00f3n de Javier Milei y la iniciativa de modernizaci\u00f3n laboral, seg\u00fan confirm\u00f3 la Agencia Noticias Argentinas.<\/p>\n\n\n\n<p>La convocatoria coincide con la asunci\u00f3n de los legisladores elegidos el 26 de octubre, en un escenario m\u00e1s favorable para el oficialismo. La Libertad Avanza (LLA) contar\u00e1 con la primera minor\u00eda en Diputados y casi triplicar\u00e1 su representaci\u00f3n en el Senado, pasando de 7 a 20 esca\u00f1os.<\/p>\n\n\n\n<p>En esta nueva etapa, las principales figuras legislativas del oficialismo \u2014el presidente de la C\u00e1mara de Diputados, Mart\u00edn Menem, y la jefa del bloque libertario en el Senado, Patricia Bullrich\u2014 trabajar\u00e1n de manera coordinada \u201ccomo un solo equipo\u201d.<\/p>\n\n\n\n<p>Las sesiones extraordinarias, que se extender\u00e1n hasta el 30 de diciembre, incluir\u00e1n el tratamiento de los proyectos de Presupuesto 2026, Ley de Inocencia Fiscal, Compromiso Nacional para la Estabilidad Fiscal y Monetaria, reforma del C\u00f3digo Penal (a\u00fan pendiente de env\u00edo por parte del Poder Ejecutivo) y la normativa sobre preservaci\u00f3n de glaciares y ambiente periglacial.<\/p>\n\n\n\n<p>Sin embargo, el Gobierno determin\u00f3 que la prioridad en los 13 d\u00edas h\u00e1biles ser\u00e1 aprobar el Presupuesto 2026: la intenci\u00f3n es obtener dictamen en Diputados entre lunes y martes, debatirlo en el recinto el mi\u00e9rcoles 17 y sancionarlo en el Senado antes del cierre del per\u00edodo.<\/p>\n\n\n\n<p>Tras dos a\u00f1os de pr\u00f3rrogas del Presupuesto aprobado durante la gesti\u00f3n de Alberto Fern\u00e1ndez, el oficialismo apuesta a que la nueva composici\u00f3n parlamentaria le permita avanzar con su propia ley de gastos y recursos para el pr\u00f3ximo a\u00f1o.<\/p>\n\n\n\n<p>Este mi\u00e9rcoles, Menem definir\u00e1 la conformaci\u00f3n de las comisiones de Presupuesto y Hacienda y la de Legislaci\u00f3n Penal, un paso clave para habilitar los dict\u00e1menes de los proyectos de Presupuesto y de Inocencia Fiscal.<\/p>\n\n\n\n<p>Para aprobar las iniciativas, La Libertad Avanza \u2014que cuenta con 95 diputados\u2014 necesitar\u00e1 al menos 34 votos adicionales. Las primeras negociaciones se concentrar\u00e1n en sus aliados del interbloque UCR-PRO, MID y Santa Cruz, que suman 22 bancas, adem\u00e1s de Innovaci\u00f3n Federal, Independencia, Producci\u00f3n y Trabajo y Elijo Catamarca, que aportar\u00edan otros 15 legisladores.<\/p>\n\n\n\n<p>Si se consolidan esos acuerdos, el oficialismo tendr\u00eda asegurada la sanci\u00f3n del Presupuesto, aunque tambi\u00e9n conf\u00eda en obtener el apoyo de buena parte del bloque Provincias Unidas, especialmente de los diputados cercanos a los gobernadores Maximiliano Pullaro (Santa Fe) y Mart\u00edn Llaryora (C\u00f3rdoba).<\/p>\n\n\n\n<p>No obstante, varios mandatarios provinciales condicionan su respaldo a definiciones del Gobierno respecto de las cajas previsionales, la autorizaci\u00f3n para tomar deuda destinada a obras de infraestructura y la continuidad de trabajos en rutas nacionales.<\/p>\n","protected":false},"excerpt":{"rendered":"<p>El Congreso Nacional abrir\u00e1 este mi\u00e9rcoles el per\u00edodo de sesiones extraordinarias para tratar un paquete de proyectos clave, entre ellos el primer Presupuesto de la gesti\u00f3n de Javier Milei y la iniciativa de modernizaci\u00f3n laboral, seg\u00fan confirm\u00f3 la Agencia Noticias Argentinas. La convocatoria coincide con la asunci\u00f3n de los legisladores elegidos el 26 de octubre, [&hellip;]<\/p>\n","protected":false},"author":9,"featured_media":20058,"comment_status":"closed","ping_status":"open","sticky":false,"template":"","format":"standard","meta":{"tdm_status":"","tdm_grid_status":"","footnotes":""},"categories":[8],"tags":[764,60,756],"class_list":{"0":"post-20057","1":"post","2":"type-post","3":"status-publish","4":"format-standard","5":"has-post-thumbnail","7":"category-politica","8":"tag-congreso-de-la-nacion-2","9":"tag-javier-milei","10":"tag-sesiones-extraordinarias"},"_links":{"self":[{"href":"https:\/\/www.noticiasmas.com.ar\/index.php\/wp-json\/wp\/v2\/posts\/20057","targetHints":{"allow":["GET"]}}],"collection":[{"href":"https:\/\/www.noticiasmas.com.ar\/index.php\/wp-json\/wp\/v2\/posts"}],"about":[{"href":"https:\/\/www.noticiasmas.com.ar\/index.php\/wp-json\/wp\/v2\/types\/post"}],"author":[{"embeddable":true,"href":"https:\/\/www.noticiasmas.com.ar\/index.php\/wp-json\/wp\/v2\/users\/9"}],"replies":[{"embeddable":true,"href":"https:\/\/www.noticiasmas.com.ar\/index.php\/wp-json\/wp\/v2\/comments?post=20057"}],"version-history":[{"count":1,"href":"https:\/\/www.noticiasmas.com.ar\/index.php\/wp-json\/wp\/v2\/posts\/20057\/revisions"}],"predecessor-version":[{"id":20059,"href":"https:\/\/www.noticiasmas.com.ar\/index.php\/wp-json\/wp\/v2\/posts\/20057\/revisions\/20059"}],"wp:featuredmedia":[{"embeddable":true,"href":"https:\/\/www.noticiasmas.com.ar\/index.php\/wp-json\/wp\/v2\/media\/20058"}],"wp:attachment":[{"href":"https:\/\/www.noticiasmas.com.ar\/index.php\/wp-json\/wp\/v2\/media?parent=20057"}],"wp:term":[{"taxonomy":"category","embeddable":true,"href":"https:\/\/www.noticiasmas.com.ar\/index.php\/wp-json\/wp\/v2\/categories?post=20057"},{"taxonomy":"post_tag","embeddable":true,"href":"https:\/\/www.noticiasmas.com.ar\/index.php\/wp-json\/wp\/v2\/tags?post=20057"}],"curies":[{"name":"wp","href":"https:\/\/api.w.org\/{rel}","templated":true}]}}