{"id":20060,"date":"2025-12-10T12:05:59","date_gmt":"2025-12-10T15:05:59","guid":{"rendered":"https:\/\/www.noticiasmas.com.ar\/?p=20060"},"modified":"2025-12-10T12:41:22","modified_gmt":"2025-12-10T15:41:22","slug":"detienen-a-un-hombre-que-vandalizo-la-estatua-de-ovidio-lagos-con-pintadas-de-newells","status":"publish","type":"post","link":"https:\/\/www.noticiasmas.com.ar\/index.php\/2025\/12\/10\/detienen-a-un-hombre-que-vandalizo-la-estatua-de-ovidio-lagos-con-pintadas-de-newells\/","title":{"rendered":"Detienen a un hombre que vandaliz\u00f3 la estatua de Ovidio Lagos con pintadas de Newell\u2019s"},"content":{"rendered":"\n<p>Un hombre de 42 a\u00f1os fue detenido esta madrugada por la polic\u00eda tras ser sorprendido mientras vandalizaba la estatua de Ovidio Lagos, ubicada en la esquina de Ovidio Lagos y Pellegrini, frente al Parque Independencia. El sospechoso llevaba un balde de 20 litros y dos bidones cortados que conten\u00edan pintura roja y negra, colores caracter\u00edsticos de Newell\u2019s Old Boys.<\/p>\n\n\n\n<p>El operativo se activ\u00f3 cerca de las 3 de la ma\u00f1ana, luego de un llamado al 911 que alert\u00f3 sobre la situaci\u00f3n. Al llegar al lugar, los efectivos constataron el hecho y procedieron a aprehender al hombre, identificado como Juan Carlos F., quien fue trasladado a la Comisar\u00eda 2\u00aa por razones de jurisdicci\u00f3n.<\/p>\n\n\n\n<p>Si bien el C\u00f3digo Penal prev\u00e9 sanciones leves para este tipo de hechos, existe una normativa nacional vinculada a los espect\u00e1culos deportivos que establece medidas adicionales para quienes cometan actos de vandalismo en la v\u00eda p\u00fablica. En este marco, la Direcci\u00f3n Provincial de Seguridad en Eventos Masivos del Ministerio de Justicia y Seguridad de Santa Fe incorpor\u00f3 en los \u00faltimos seis meses a m\u00e1s de 30 personas al r\u00e9gimen de derecho de admisi\u00f3n.<\/p>\n\n\n\n<p>La disposici\u00f3n, vigente desde junio y aplicable en todo el pa\u00eds, impide durante dos a\u00f1os el acceso a eventos deportivos a quienes sean detenidos por realizar pintadas en Rosario, especialmente aquellas relacionadas con clubes de f\u00fatbol.<\/p>\n","protected":false},"excerpt":{"rendered":"<p>Un hombre de 42 a\u00f1os fue detenido esta madrugada por la polic\u00eda tras ser sorprendido mientras vandalizaba la estatua de Ovidio Lagos, ubicada en la esquina de Ovidio Lagos y Pellegrini, frente al Parque Independencia. El sospechoso llevaba un balde de 20 litros y dos bidones cortados que conten\u00edan pintura roja y negra, colores caracter\u00edsticos [&hellip;]<\/p>\n","protected":false},"author":9,"featured_media":20061,"comment_status":"closed","ping_status":"open","sticky":false,"template":"","format":"standard","meta":{"tdm_status":"","tdm_grid_status":"","footnotes":""},"categories":[9],"tags":[132,172,163],"class_list":{"0":"post-20060","1":"post","2":"type-post","3":"status-publish","4":"format-standard","5":"has-post-thumbnail","7":"category-policiales","8":"tag-newells","9":"tag-policiales","10":"tag-rosario"},"_links":{"self":[{"href":"https:\/\/www.noticiasmas.com.ar\/index.php\/wp-json\/wp\/v2\/posts\/20060","targetHints":{"allow":["GET"]}}],"collection":[{"href":"https:\/\/www.noticiasmas.com.ar\/index.php\/wp-json\/wp\/v2\/posts"}],"about":[{"href":"https:\/\/www.noticiasmas.com.ar\/index.php\/wp-json\/wp\/v2\/types\/post"}],"author":[{"embeddable":true,"href":"https:\/\/www.noticiasmas.com.ar\/index.php\/wp-json\/wp\/v2\/users\/9"}],"replies":[{"embeddable":true,"href":"https:\/\/www.noticiasmas.com.ar\/index.php\/wp-json\/wp\/v2\/comments?post=20060"}],"version-history":[{"count":1,"href":"https:\/\/www.noticiasmas.com.ar\/index.php\/wp-json\/wp\/v2\/posts\/20060\/revisions"}],"predecessor-version":[{"id":20062,"href":"https:\/\/www.noticiasmas.com.ar\/index.php\/wp-json\/wp\/v2\/posts\/20060\/revisions\/20062"}],"wp:featuredmedia":[{"embeddable":true,"href":"https:\/\/www.noticiasmas.com.ar\/index.php\/wp-json\/wp\/v2\/media\/20061"}],"wp:attachment":[{"href":"https:\/\/www.noticiasmas.com.ar\/index.php\/wp-json\/wp\/v2\/media?parent=20060"}],"wp:term":[{"taxonomy":"category","embeddable":true,"href":"https:\/\/www.noticiasmas.com.ar\/index.php\/wp-json\/wp\/v2\/categories?post=20060"},{"taxonomy":"post_tag","embeddable":true,"href":"https:\/\/www.noticiasmas.com.ar\/index.php\/wp-json\/wp\/v2\/tags?post=20060"}],"curies":[{"name":"wp","href":"https:\/\/api.w.org\/{rel}","templated":true}]}}