{"id":20119,"date":"2025-12-11T19:58:03","date_gmt":"2025-12-11T22:58:03","guid":{"rendered":"https:\/\/www.noticiasmas.com.ar\/?p=20119"},"modified":"2025-12-11T19:58:07","modified_gmt":"2025-12-11T22:58:07","slug":"la-cgt-rosario-lanzo-el-alerta-y-se-sumo-al-conflicto-del-nuevo-banco-de-santa-fe-donde-hubo-recientes-despidos","status":"publish","type":"post","link":"https:\/\/www.noticiasmas.com.ar\/index.php\/2025\/12\/11\/la-cgt-rosario-lanzo-el-alerta-y-se-sumo-al-conflicto-del-nuevo-banco-de-santa-fe-donde-hubo-recientes-despidos\/","title":{"rendered":"LA CGT ROSARIO LANZ\u00d3 EL ALERTA Y SE SUM\u00d3 AL CONFLICTO DEL NUEVO BANCO DE SANTA FE DONDE HUBO RECIENTES DESPIDOS"},"content":{"rendered":"\n<p>La CGT local se mantiene activa desde su nueva conformaci\u00f3n. En este caso plant\u00f3 bandera sobre los recientes despidos en el Nuevo Banco de Santa Fe.<\/p>\n\n\n\n<p>Sobre dicha situaci\u00f3n la Asociaci\u00f3n Bancaria denunci\u00f3 en el Ministerio de Trabajo sobre 9 trabajadores cesanteados sin causa por el Banco.<\/p>\n\n\n\n<p>Tras las movilizaciones del gremio bancario se logr\u00f3 que la cartera laboral provincial dicte una Conciliaci\u00f3n Obligatoria por 15 d\u00edas h\u00e1biles, retrotrayendo el conflicto al momento previo a los despidos.<\/p>\n\n\n\n<p>Ante esta situaci\u00f3n, la CGT Rosario expres\u00f3 en un comunicado su solidaridad, \u201ccon los compa\u00f1eros y compa\u00f1eras cesanteados y su m\u00e1s firme apoyo y acompa\u00f1amiento a La Bancaria, Sec. Rosario en la lucha por la reincorporaci\u00f3n de las y los trabajadores desvinculados\u201d.<\/p>\n\n\n\n<p>\u201cEl movimiento obrero organizado de la regi\u00f3n se mantendr\u00e1 alerta al desarrollo de los acontecimientos y se pone a entera disposici\u00f3n de nuestros compa\u00f1eros de La Bancaria, ah\u00ed donde ellos lo consideren necesario, para poder palear en unidad esta injusta situaci\u00f3n; como as\u00ed tambi\u00e9n lo haremos con el gremio de la regi\u00f3n que lo necesite, a la hora de defender los puestos de trabajo\u201d, agreg\u00f3 el parte de la central obrera.<\/p>\n\n\n\n<p>\u201cLlamamos a la reflexi\u00f3n a la patronal para que no contribuya con sus acciones a afectar la paz social y castigar a\u00fan m\u00e1s a los trabajadores de nuestra regi\u00f3n con despidos sin causa\u201d, complet\u00f3 el comunicado de CGT.<\/p>\n","protected":false},"excerpt":{"rendered":"<p>La CGT local se mantiene activa desde su nueva conformaci\u00f3n. En este caso plant\u00f3 bandera sobre los recientes despidos en el Nuevo Banco de Santa Fe. Sobre dicha situaci\u00f3n la Asociaci\u00f3n Bancaria denunci\u00f3 en el Ministerio de Trabajo sobre 9 trabajadores cesanteados sin causa por el Banco. Tras las movilizaciones del gremio bancario se logr\u00f3 [&hellip;]<\/p>\n","protected":false},"author":5,"featured_media":20120,"comment_status":"closed","ping_status":"open","sticky":false,"template":"","format":"standard","meta":{"tdm_status":"","tdm_grid_status":"","footnotes":""},"categories":[13],"tags":[139,6030,3249,226,5099,163],"class_list":{"0":"post-20119","1":"post","2":"type-post","3":"status-publish","4":"format-standard","5":"has-post-thumbnail","7":"category-region","8":"tag-alerta","9":"tag-cgt-rosario","10":"tag-despidos","11":"tag-gremiales","12":"tag-nuevo-banco-de-santa-fe","13":"tag-rosario"},"_links":{"self":[{"href":"https:\/\/www.noticiasmas.com.ar\/index.php\/wp-json\/wp\/v2\/posts\/20119","targetHints":{"allow":["GET"]}}],"collection":[{"href":"https:\/\/www.noticiasmas.com.ar\/index.php\/wp-json\/wp\/v2\/posts"}],"about":[{"href":"https:\/\/www.noticiasmas.com.ar\/index.php\/wp-json\/wp\/v2\/types\/post"}],"author":[{"embeddable":true,"href":"https:\/\/www.noticiasmas.com.ar\/index.php\/wp-json\/wp\/v2\/users\/5"}],"replies":[{"embeddable":true,"href":"https:\/\/www.noticiasmas.com.ar\/index.php\/wp-json\/wp\/v2\/comments?post=20119"}],"version-history":[{"count":1,"href":"https:\/\/www.noticiasmas.com.ar\/index.php\/wp-json\/wp\/v2\/posts\/20119\/revisions"}],"predecessor-version":[{"id":20121,"href":"https:\/\/www.noticiasmas.com.ar\/index.php\/wp-json\/wp\/v2\/posts\/20119\/revisions\/20121"}],"wp:featuredmedia":[{"embeddable":true,"href":"https:\/\/www.noticiasmas.com.ar\/index.php\/wp-json\/wp\/v2\/media\/20120"}],"wp:attachment":[{"href":"https:\/\/www.noticiasmas.com.ar\/index.php\/wp-json\/wp\/v2\/media?parent=20119"}],"wp:term":[{"taxonomy":"category","embeddable":true,"href":"https:\/\/www.noticiasmas.com.ar\/index.php\/wp-json\/wp\/v2\/categories?post=20119"},{"taxonomy":"post_tag","embeddable":true,"href":"https:\/\/www.noticiasmas.com.ar\/index.php\/wp-json\/wp\/v2\/tags?post=20119"}],"curies":[{"name":"wp","href":"https:\/\/api.w.org\/{rel}","templated":true}]}}