{"id":20122,"date":"2025-12-11T20:09:17","date_gmt":"2025-12-11T23:09:17","guid":{"rendered":"https:\/\/www.noticiasmas.com.ar\/?p=20122"},"modified":"2025-12-11T20:09:21","modified_gmt":"2025-12-11T23:09:21","slug":"con-10-anos-como-legislador-carlos-del-frade-presento-mas-de-3-mil-proyectos-en-la-camara-baja-provincial","status":"publish","type":"post","link":"https:\/\/www.noticiasmas.com.ar\/index.php\/2025\/12\/11\/con-10-anos-como-legislador-carlos-del-frade-presento-mas-de-3-mil-proyectos-en-la-camara-baja-provincial\/","title":{"rendered":"CON 10 A\u00d1OS COMO LEGISLADOR CARLOS DEL FRADE PRESENT\u00d3 M\u00c1S DE 3 MIL PROYECTOS EN LA C\u00c1MARA BAJA PROVINCIAL"},"content":{"rendered":"\n<p>El reconocido periodista rosarino Carlos Del Frade llegaba a su nuevo rol de diputado provincial all\u00e1 por diciembre de 2015. Diez a\u00f1os de trabajo ininterrumpido en la C\u00e1mara baja de la legislatura provincial con m\u00faltiples proyectos presentados.<\/p>\n\n\n\n<p>En ese sentido, en sus palabras, del Frade destac\u00f3: \u201cDiez a\u00f1os sin faltar a una sola sesi\u00f3n. Diez a\u00f1os llevando a la Legislatura las peleas y las demandas de nuestro pueblo\u201d.<\/p>\n\n\n\n<p>En este tiempo, Carlos del Frade present\u00f3 3257 proyectos, \u201ccon un compromiso sostenido para transformar la realidad\u201d, subray\u00f3. De Dichas iniciativas unas 6 fueron leyes sancionadas; 19 proyectos de ley con media sanci\u00f3n.<\/p>\n\n\n\n<p>Adem\u00e1s, miles de iniciativas de comunicaci\u00f3n, declaraci\u00f3n y resoluci\u00f3n que amplifican problem\u00e1ticas sociales, laborales, educativas, ambientales, y de derechos humanos: 2285 ( Proy de Comunicaci\u00f3n); 427 \/( de Declaraci\u00f3n), y 66 (De Resoluci\u00f3n).<\/p>\n\n\n\n<p>\u201cCada proyecto es una historia, una lucha y una voz amplificada en la legislatura. Seguimos acompa\u00f1ando esas peleas dentro y fuera del recinto, siempre del mismo lado. El de nuestro pueblo\u201d, remarc\u00f3 nuevamente Del Frade.<\/p>\n\n\n\n<p>Leyes aprobadas<\/p>\n\n\n\n<p>1) Ley 48560 \u2014 Adhesi\u00f3n a Ley Nacional 27.671 (Capacitaci\u00f3n sobre Islas Malvinas)<br>Capacitaci\u00f3n obligatoria para todo el funcionariado provincial.<\/p>\n\n\n\n<p>2) Ley 45326 \u2014 Expropiaci\u00f3n edificio Escuela T\u00e9cnica N\u00ba 625 \u201cCarlos Guido y Spano\u201d (Rosario)<br>Asegura el uso exclusivo para la instituci\u00f3n educativa.<\/p>\n\n\n\n<p>3) Ley 43043 \u2014 Patrimonio hist\u00f3rico de causas de lesa humanidad<br>Incluye sentencias, expedientes y material f\u00edlmico.<\/p>\n\n\n\n<p>4) Ley 34506 \u2014 Adhesi\u00f3n a Ley Nacional 26.873 (Lactancia Materna)<br>Promoci\u00f3n y concientizaci\u00f3n en la provincia.<\/p>\n\n\n\n<p>5) Ley 34501 \u2014 Cupo Laboral Travesti-Trans<br>Promueve la inserci\u00f3n y estabilidad laboral de personas travestis, trans y transg\u00e9nero.<\/p>\n\n\n\n<p>6) Ley 31900 \u2014 Alimentaci\u00f3n saludable en escuelas<br>Obliga la comercializaci\u00f3n de alimentos saludables en todos los establecimientos escolares.<\/p>\n","protected":false},"excerpt":{"rendered":"<p>El reconocido periodista rosarino Carlos Del Frade llegaba a su nuevo rol de diputado provincial all\u00e1 por diciembre de 2015. Diez a\u00f1os de trabajo ininterrumpido en la C\u00e1mara baja de la legislatura provincial con m\u00faltiples proyectos presentados. En ese sentido, en sus palabras, del Frade destac\u00f3: \u201cDiez a\u00f1os sin faltar a una sola sesi\u00f3n. Diez [&hellip;]<\/p>\n","protected":false},"author":5,"featured_media":11874,"comment_status":"closed","ping_status":"open","sticky":false,"template":"","format":"standard","meta":{"tdm_status":"","tdm_grid_status":"","footnotes":""},"categories":[14],"tags":[6110,6111,994,161,18],"class_list":{"0":"post-20122","1":"post","2":"type-post","3":"status-publish","4":"format-standard","5":"has-post-thumbnail","7":"category-provinciales","8":"tag-10-anos-de-labor","9":"tag-3257-proyectos","10":"tag-carlos-del-frade","11":"tag-legislatura","12":"tag-santa-fe"},"_links":{"self":[{"href":"https:\/\/www.noticiasmas.com.ar\/index.php\/wp-json\/wp\/v2\/posts\/20122","targetHints":{"allow":["GET"]}}],"collection":[{"href":"https:\/\/www.noticiasmas.com.ar\/index.php\/wp-json\/wp\/v2\/posts"}],"about":[{"href":"https:\/\/www.noticiasmas.com.ar\/index.php\/wp-json\/wp\/v2\/types\/post"}],"author":[{"embeddable":true,"href":"https:\/\/www.noticiasmas.com.ar\/index.php\/wp-json\/wp\/v2\/users\/5"}],"replies":[{"embeddable":true,"href":"https:\/\/www.noticiasmas.com.ar\/index.php\/wp-json\/wp\/v2\/comments?post=20122"}],"version-history":[{"count":1,"href":"https:\/\/www.noticiasmas.com.ar\/index.php\/wp-json\/wp\/v2\/posts\/20122\/revisions"}],"predecessor-version":[{"id":20123,"href":"https:\/\/www.noticiasmas.com.ar\/index.php\/wp-json\/wp\/v2\/posts\/20122\/revisions\/20123"}],"wp:featuredmedia":[{"embeddable":true,"href":"https:\/\/www.noticiasmas.com.ar\/index.php\/wp-json\/wp\/v2\/media\/11874"}],"wp:attachment":[{"href":"https:\/\/www.noticiasmas.com.ar\/index.php\/wp-json\/wp\/v2\/media?parent=20122"}],"wp:term":[{"taxonomy":"category","embeddable":true,"href":"https:\/\/www.noticiasmas.com.ar\/index.php\/wp-json\/wp\/v2\/categories?post=20122"},{"taxonomy":"post_tag","embeddable":true,"href":"https:\/\/www.noticiasmas.com.ar\/index.php\/wp-json\/wp\/v2\/tags?post=20122"}],"curies":[{"name":"wp","href":"https:\/\/api.w.org\/{rel}","templated":true}]}}