{"id":20159,"date":"2025-12-14T17:41:50","date_gmt":"2025-12-14T20:41:50","guid":{"rendered":"https:\/\/www.noticiasmas.com.ar\/?p=20159"},"modified":"2025-12-14T17:41:54","modified_gmt":"2025-12-14T20:41:54","slug":"no-a-la-reforma-laboral-el-jueves-que-viene-la-cgt-moviliza-en-rosario-y-pide-a-legisladores-que-escuchen-la-voz-de-los-trabajadores","status":"publish","type":"post","link":"https:\/\/www.noticiasmas.com.ar\/index.php\/2025\/12\/14\/no-a-la-reforma-laboral-el-jueves-que-viene-la-cgt-moviliza-en-rosario-y-pide-a-legisladores-que-escuchen-la-voz-de-los-trabajadores\/","title":{"rendered":"NO A LA REFORMA LABORAL: EL JUEVES QUE VIENE LA CGT MOVILIZA EN ROSARIO Y PIDE A LEGISLADORES QUE ESCUCHEN LA VOZ DE LOS TRABAJADORES"},"content":{"rendered":"\n<p>El campo del movimiento obrero se encuentra en estado de ebullici\u00f3n luego de conocer el contenido de la reforma laboral que propone el gobierno nacional. Quita de derechos a los trabajadores b\u00e1sicamente es el trazado de dicha reforma y como respuesta r\u00e1pidamente la CGT nacional y local accionaron.<\/p>\n\n\n\n<p>En ese marco, se realizar\u00e1 en Buenos Aires una gran movilizaci\u00f3n convocada por la central obrera donde seguramente concluir\u00e1n sectores de todo el pa\u00eds. Pretende ser apote\u00f3sica.<\/p>\n\n\n\n<p>Ahora, en Rosario tambi\u00e9n habr\u00e1 marcha y as\u00ed lo estableci\u00f3 la central obrera local donde confluyen cerca de 100 entidades gremiales. El lugar y horario se decidir\u00e1 en breve pero la fecha es la misma que su par nacional, el jueves 18.<\/p>\n\n\n\n<p>\u201cLas y los trabajadores organizados de nuestra regi\u00f3n manifestamos nuestro rechazo y nos movilizaremos en favor de nuestros derechos\u201d, indicaron desde la central obrera local.<\/p>\n\n\n\n<p>NO A LA REFORMA<\/p>\n\n\n\n<p>Del proyecto del gobierno nacional denominado \u201cModernizaci\u00f3n Laboral\u201d, observamos que hay un sector que \u201cno se va a beneficiar\u201d, indicaron en un comunicado desde la CGT local.<\/p>\n\n\n\n<p>\u201cQue nadie se confunda, la reforma laboral que impulsa el gobierno tiene como principal objetivo acentuar y consagrar la desigualdad que se manifiesta cada vez m\u00e1s en una ca\u00edda salarial sin precedentes, con la p\u00e9rdida constante del poder adquisitivo de los sueldos, acompa\u00f1ado de un crecimiento de la informalidad y un severo retroceso en las condiciones de trabajo y en la calidad de vida de los trabajadores\u201d, continu\u00f3 el parte gremial.<\/p>\n\n\n\n<p>Asimismo prosigue: \u201cvemos amenazada la estabilidad laboral, con despidos baratos para presionar mas la baja de los salarios, promoviendo la desaparici\u00f3n de las horas extras y atentando contra organizaci\u00f3n personal de los asalariados\u201d.<\/p>\n\n\n\n<p>\u201cCon este proyecto de reforma laboral, se han puesto en juego tanto derechos individuales como colectivos de los trabajadores, pretendiendo dejarlos hu\u00e9rfanos de organizaciones para defenderse, avanzan sobre los sindicatos, a trav\u00e9s de los cuales en la historia consiguieron sus leg\u00edtimos derechos\u201d, indic\u00f3 el texto.<\/p>\n\n\n\n<p>\u201cNecesitamos que legisladores nacionales, como nuestros representantes en el Congreso escuchen nuestra voz, sin empleo formal y con trabajadores empobrecidos, no hay una patria posible\u201d, complet\u00f3 el comunicado de la central obrera local.<\/p>\n","protected":false},"excerpt":{"rendered":"<p>El campo del movimiento obrero se encuentra en estado de ebullici\u00f3n luego de conocer el contenido de la reforma laboral que propone el gobierno nacional. Quita de derechos a los trabajadores b\u00e1sicamente es el trazado de dicha reforma y como respuesta r\u00e1pidamente la CGT nacional y local accionaron. En ese marco, se realizar\u00e1 en Buenos [&hellip;]<\/p>\n","protected":false},"author":5,"featured_media":19816,"comment_status":"closed","ping_status":"open","sticky":false,"template":"","format":"standard","meta":{"tdm_status":"","tdm_grid_status":"","footnotes":""},"categories":[13],"tags":[330,6126,6125,163],"class_list":{"0":"post-20159","1":"post","2":"type-post","3":"status-publish","4":"format-standard","5":"has-post-thumbnail","7":"category-region","8":"tag-cgt","9":"tag-jueves-18","10":"tag-marcha-y-movilizacion","11":"tag-rosario"},"_links":{"self":[{"href":"https:\/\/www.noticiasmas.com.ar\/index.php\/wp-json\/wp\/v2\/posts\/20159","targetHints":{"allow":["GET"]}}],"collection":[{"href":"https:\/\/www.noticiasmas.com.ar\/index.php\/wp-json\/wp\/v2\/posts"}],"about":[{"href":"https:\/\/www.noticiasmas.com.ar\/index.php\/wp-json\/wp\/v2\/types\/post"}],"author":[{"embeddable":true,"href":"https:\/\/www.noticiasmas.com.ar\/index.php\/wp-json\/wp\/v2\/users\/5"}],"replies":[{"embeddable":true,"href":"https:\/\/www.noticiasmas.com.ar\/index.php\/wp-json\/wp\/v2\/comments?post=20159"}],"version-history":[{"count":1,"href":"https:\/\/www.noticiasmas.com.ar\/index.php\/wp-json\/wp\/v2\/posts\/20159\/revisions"}],"predecessor-version":[{"id":20160,"href":"https:\/\/www.noticiasmas.com.ar\/index.php\/wp-json\/wp\/v2\/posts\/20159\/revisions\/20160"}],"wp:featuredmedia":[{"embeddable":true,"href":"https:\/\/www.noticiasmas.com.ar\/index.php\/wp-json\/wp\/v2\/media\/19816"}],"wp:attachment":[{"href":"https:\/\/www.noticiasmas.com.ar\/index.php\/wp-json\/wp\/v2\/media?parent=20159"}],"wp:term":[{"taxonomy":"category","embeddable":true,"href":"https:\/\/www.noticiasmas.com.ar\/index.php\/wp-json\/wp\/v2\/categories?post=20159"},{"taxonomy":"post_tag","embeddable":true,"href":"https:\/\/www.noticiasmas.com.ar\/index.php\/wp-json\/wp\/v2\/tags?post=20159"}],"curies":[{"name":"wp","href":"https:\/\/api.w.org\/{rel}","templated":true}]}}