{"id":20193,"date":"2025-12-15T18:11:52","date_gmt":"2025-12-15T21:11:52","guid":{"rendered":"https:\/\/www.noticiasmas.com.ar\/?p=20193"},"modified":"2025-12-15T18:11:56","modified_gmt":"2025-12-15T21:11:56","slug":"gremio-de-vigiladores-privados-lanzo-un-plan-de-lucha-en-refineria-san-lorenzo-por-despidos","status":"publish","type":"post","link":"https:\/\/www.noticiasmas.com.ar\/index.php\/2025\/12\/15\/gremio-de-vigiladores-privados-lanzo-un-plan-de-lucha-en-refineria-san-lorenzo-por-despidos\/","title":{"rendered":"GREMIO DE VIGILADORES PRIVADOS LANZ\u00d3 UN PLAN DE LUCHA EN REFINER\u00cdA SAN LORENZO POR DESPIDOS"},"content":{"rendered":"\n<p>El Sindicato \u00danico de Trabajadores de la Vigilancia Privada (SUTRAVIP) se declar\u00f3 en estado de alerta y movilizaci\u00f3n tras confirmarse el despido de siete trabajadores de seguridad en el predio de la hist\u00f3rica Refiner\u00eda San Lorenzo (YPF).<\/p>\n\n\n\n<p>La medida se tom\u00f3 luego de que la firma saliente, Securi\u00f3n, notificara las cesant\u00edas de cara a fin de mes. Desde el gremio denunciaron la contradicci\u00f3n de iniciar un proyecto de inversi\u00f3n millonario, la reconversi\u00f3n de la planta para biocombustibles, con un ajuste sobre los trabajadores que custodian el predio hace a\u00f1os.<\/p>\n\n\n\n<p>Defensa de los puestos<\/p>\n\n\n\n<p>El Secretario General, Cristian Rodr\u00edguez, confirm\u00f3 que iniciar\u00e1n protestas en los portones de la planta y fue tajante sobre la situaci\u00f3n: \u201cEs una discusi\u00f3n recurrente en la zona: cuando cambia la empresa contratista quieren sacar a los trabajadores y no es as\u00ed. El puesto es del trabajador; si quieren cambiar el nombre de la empresa en los papeles, adelante. Pero la gente se queda\u201d.<\/p>\n\n\n\n<p>Cambio de empresa y contexto pol\u00edtico<\/p>\n\n\n\n<p>El conflicto se desata ante el inminente desembarco de una nueva firma, Security Group, para custodiar el patrimonio de YPF y su nuevo socio Essential Energy. Desde SUTRAVIP advirtieron que este cambio de prestadora estar\u00eda impulsado por sectores vinculados a la pol\u00edtica, puntualmente al entorno del empresario y ex diputado Gabriel Chumpitaz que estuvo visitando la planta, buscando desplazar a los trabajadores actuales para posicionar nuevos intereses en el cord\u00f3n industrial.<\/p>\n\n\n\n<p>\u201cNo vamos a permitir que venga ning\u00fan acomodado a decir qui\u00e9n puede y qui\u00e9n no puede trabajar\u201d, sentenci\u00f3 Rodr\u00edguez, anticipando que el plan de lucha se mantendr\u00e1 hasta garantizar la reincorporaci\u00f3n de la totalidad de los afectados.<\/p>\n","protected":false},"excerpt":{"rendered":"<p>El Sindicato \u00danico de Trabajadores de la Vigilancia Privada (SUTRAVIP) se declar\u00f3 en estado de alerta y movilizaci\u00f3n tras confirmarse el despido de siete trabajadores de seguridad en el predio de la hist\u00f3rica Refiner\u00eda San Lorenzo (YPF). La medida se tom\u00f3 luego de que la firma saliente, Securi\u00f3n, notificara las cesant\u00edas de cara a fin [&hellip;]<\/p>\n","protected":false},"author":5,"featured_media":20194,"comment_status":"closed","ping_status":"open","sticky":false,"template":"","format":"standard","meta":{"tdm_status":"","tdm_grid_status":"","footnotes":""},"categories":[13],"tags":[3249,5758,58,2217,2216],"class_list":{"0":"post-20193","1":"post","2":"type-post","3":"status-publish","4":"format-standard","5":"has-post-thumbnail","7":"category-region","8":"tag-despidos","9":"tag-refineria-san-lorenzo","10":"tag-san-lorenzo","11":"tag-sutravip","12":"tag-vigiladores"},"_links":{"self":[{"href":"https:\/\/www.noticiasmas.com.ar\/index.php\/wp-json\/wp\/v2\/posts\/20193","targetHints":{"allow":["GET"]}}],"collection":[{"href":"https:\/\/www.noticiasmas.com.ar\/index.php\/wp-json\/wp\/v2\/posts"}],"about":[{"href":"https:\/\/www.noticiasmas.com.ar\/index.php\/wp-json\/wp\/v2\/types\/post"}],"author":[{"embeddable":true,"href":"https:\/\/www.noticiasmas.com.ar\/index.php\/wp-json\/wp\/v2\/users\/5"}],"replies":[{"embeddable":true,"href":"https:\/\/www.noticiasmas.com.ar\/index.php\/wp-json\/wp\/v2\/comments?post=20193"}],"version-history":[{"count":1,"href":"https:\/\/www.noticiasmas.com.ar\/index.php\/wp-json\/wp\/v2\/posts\/20193\/revisions"}],"predecessor-version":[{"id":20195,"href":"https:\/\/www.noticiasmas.com.ar\/index.php\/wp-json\/wp\/v2\/posts\/20193\/revisions\/20195"}],"wp:featuredmedia":[{"embeddable":true,"href":"https:\/\/www.noticiasmas.com.ar\/index.php\/wp-json\/wp\/v2\/media\/20194"}],"wp:attachment":[{"href":"https:\/\/www.noticiasmas.com.ar\/index.php\/wp-json\/wp\/v2\/media?parent=20193"}],"wp:term":[{"taxonomy":"category","embeddable":true,"href":"https:\/\/www.noticiasmas.com.ar\/index.php\/wp-json\/wp\/v2\/categories?post=20193"},{"taxonomy":"post_tag","embeddable":true,"href":"https:\/\/www.noticiasmas.com.ar\/index.php\/wp-json\/wp\/v2\/tags?post=20193"}],"curies":[{"name":"wp","href":"https:\/\/api.w.org\/{rel}","templated":true}]}}