{"id":2020,"date":"2023-12-30T10:33:17","date_gmt":"2023-12-30T13:33:17","guid":{"rendered":"https:\/\/www.noticiasmas.com.ar\/?p=2020"},"modified":"2023-12-30T10:33:18","modified_gmt":"2023-12-30T13:33:18","slug":"tras-cuatro-anos-la-provincia-retomo-las-reuniones-de-la-mesa-de-control-de-la-obra-publica","status":"publish","type":"post","link":"https:\/\/www.noticiasmas.com.ar\/index.php\/2023\/12\/30\/tras-cuatro-anos-la-provincia-retomo-las-reuniones-de-la-mesa-de-control-de-la-obra-publica\/","title":{"rendered":"TRAS CUATRO A\u00d1OS, LA PROVINCIA RETOM\u00d3 LAS REUNIONES DE LA MESA DE CONTROL DE LA OBRA P\u00daBLICA"},"content":{"rendered":"\n<p>El gobernador Maximiliano Pullaro, junto a los ministros de Obras P\u00fablicas, Lisandro Enrico, y de Econom\u00eda, Pablo Olivares, se reunieron con representantes de las C\u00e1maras de la Construcci\u00f3n de Santa Fe y de Rosario. \u201cVamos a hacer m\u00e1s eficientes los recursos del Estado para hacer frente a las dificultades y reactivar la obra p\u00fablica, que para nosotros es una gran generadora de empleo\u201d, asegur\u00f3 Enrico.<\/p>\n\n\n\n<p>Analizar el estado de desarrollo de la obra p\u00fablica y privada en el territorio santafesino, consolidar los proyectos en marcha y asegurar las fuentes de trabajo fueron los objetivos centrales de la reuni\u00f3n que mantuvieron esta semana gobernador Maximiliano Pullaro, junto a los ministros de Obras P\u00fablicas, Lisandro Enrico, y de Econom\u00eda, Pablo Olivares, con representantes de las C\u00e1maras de la Construcci\u00f3n de Santa Fe y de Rosario. De este modo, tras 4 a\u00f1os, el Gobierno de la Provincia de Santa Fe reactiv\u00f3 la Mesa de Control de la Obra P\u00fablica, un espacio formal de trabajo en el que, entre otras cosas, se eval\u00faan temas inherentes al sector tales como \u00edndices de construcci\u00f3n, redeterminaciones de precios, los plazos de pago y las certificaciones.<\/p>\n\n\n\n<p>Reactivaci\u00f3n<\/p>\n\n\n\n<p>\u201cCon el gobernador Pullaro a la cabeza, reactivaremos la obra p\u00fablica poniendo todos nuestros esfuerzos y haciendo m\u00e1s eficiente los recursos del Estado para hacer frente a las dificultades\u201d, asegur\u00f3 Enrico tras el encuentro, para luego completar: \u201cEsta reuni\u00f3n que desarrollamos en Casa de Gobierno fue sumamente importante ya que esta mesa de trabajo nos permitir\u00e1 realizar un seguimiento exhaustivo del estado de la obra p\u00fablica en Santa Fe que hace mucho tiempo est\u00e1 paralizada. Esta Mesa, que hab\u00eda sido creada en la gesti\u00f3n de Miguel Lifschitz, nos permitir\u00e1 establecer un punto de encuentro entre el sector privado y el sector p\u00fablico para acordar formas de trabajo. El gobierno de Omar Perotti la discontinu\u00f3, la cort\u00f3, no hubo reuniones por cuatro a\u00f1os. A dos semanas del comienzo de la gesti\u00f3n del gobernador Pullaro, ya la reactivamos, nos reunimos y la pusimos en funciones\u201d.<br>Adem\u00e1s, el Ministro de Obras P\u00fablicas destac\u00f3 como \u201cla principal solicitud de los representantes de las C\u00e1maras, \u201clas formas y los mecanismos r\u00e1pidos de redeterminar precios, es decir de actualizar plazos de pago a la inflaci\u00f3n que tenemos\u201d.<br>Cabe se\u00f1alar que la reuni\u00f3n tambi\u00e9n cont\u00f3 con la participaron tambi\u00e9n los secretarios de Obras P\u00fablicas y H\u00e1bitat, Marcelo Pascual\u00f3n; y de Aguas y Saneamiento, Leonel Marmirolli; la secretaria de Coordinaci\u00f3n T\u00e9cnica, Andrea Arrietti; y el director provincial de Vialidad, Jorge Pablo Seghezzo.<\/p>\n\n\n\n<p>Obras viales, una prioridad<\/p>\n\n\n\n<p>Lisandro Enrico remarc\u00f3 como \u201cuna prioridad fundamental\u201d el desarrollo de obras viales. En este sentido, asegur\u00f3: \u201cprecisamos una intervenci\u00f3n inmediata del Gobierno nacional en material vial. Estuvimos realizando pedidos urgentes a las autoridades correspondientes para que haya reparaciones en las rutas nacionales que pasan por Santa Fe. Son 2800 kil\u00f3metros de rutas nacionales que pasan por nuestra provincia, algunas est\u00e1n estado peligroso. Esto tiene que ver con la seguridad, con la vida de las personas. Me refiero entre otras, a la 178, a la 11, a la 33. Despu\u00e9s est\u00e1n nuestras rutas provinciales, a las que vamos a reparar como Gobierno, pero necesitamos tambi\u00e9n un apoyo del Gobierno nacional\u201d, reiter\u00f3 el ministro de Obras P\u00fablicas, que en la semana realiz\u00f3 gestiones ante las autoridades nacionales.<\/p>\n\n\n\n<p><\/p>\n","protected":false},"excerpt":{"rendered":"<p>El gobernador Maximiliano Pullaro, junto a los ministros de Obras P\u00fablicas, Lisandro Enrico, y de Econom\u00eda, Pablo Olivares, se reunieron con representantes de las C\u00e1maras de la Construcci\u00f3n de Santa Fe y de Rosario. \u201cVamos a hacer m\u00e1s eficientes los recursos del Estado para hacer frente a las dificultades y reactivar la obra p\u00fablica, que [&hellip;]<\/p>\n","protected":false},"author":5,"featured_media":2021,"comment_status":"closed","ping_status":"open","sticky":false,"template":"","format":"standard","meta":{"tdm_status":"","tdm_grid_status":"","footnotes":""},"categories":[14],"tags":[63,825,18],"class_list":{"0":"post-2020","1":"post","2":"type-post","3":"status-publish","4":"format-standard","5":"has-post-thumbnail","7":"category-provinciales","8":"tag-maximiliano-pullaro","9":"tag-obra-publica-2","10":"tag-santa-fe"},"_links":{"self":[{"href":"https:\/\/www.noticiasmas.com.ar\/index.php\/wp-json\/wp\/v2\/posts\/2020","targetHints":{"allow":["GET"]}}],"collection":[{"href":"https:\/\/www.noticiasmas.com.ar\/index.php\/wp-json\/wp\/v2\/posts"}],"about":[{"href":"https:\/\/www.noticiasmas.com.ar\/index.php\/wp-json\/wp\/v2\/types\/post"}],"author":[{"embeddable":true,"href":"https:\/\/www.noticiasmas.com.ar\/index.php\/wp-json\/wp\/v2\/users\/5"}],"replies":[{"embeddable":true,"href":"https:\/\/www.noticiasmas.com.ar\/index.php\/wp-json\/wp\/v2\/comments?post=2020"}],"version-history":[{"count":1,"href":"https:\/\/www.noticiasmas.com.ar\/index.php\/wp-json\/wp\/v2\/posts\/2020\/revisions"}],"predecessor-version":[{"id":2022,"href":"https:\/\/www.noticiasmas.com.ar\/index.php\/wp-json\/wp\/v2\/posts\/2020\/revisions\/2022"}],"wp:featuredmedia":[{"embeddable":true,"href":"https:\/\/www.noticiasmas.com.ar\/index.php\/wp-json\/wp\/v2\/media\/2021"}],"wp:attachment":[{"href":"https:\/\/www.noticiasmas.com.ar\/index.php\/wp-json\/wp\/v2\/media?parent=2020"}],"wp:term":[{"taxonomy":"category","embeddable":true,"href":"https:\/\/www.noticiasmas.com.ar\/index.php\/wp-json\/wp\/v2\/categories?post=2020"},{"taxonomy":"post_tag","embeddable":true,"href":"https:\/\/www.noticiasmas.com.ar\/index.php\/wp-json\/wp\/v2\/tags?post=2020"}],"curies":[{"name":"wp","href":"https:\/\/api.w.org\/{rel}","templated":true}]}}