{"id":20216,"date":"2025-12-16T09:49:15","date_gmt":"2025-12-16T12:49:15","guid":{"rendered":"https:\/\/www.noticiasmas.com.ar\/?p=20216"},"modified":"2025-12-16T09:49:19","modified_gmt":"2025-12-16T12:49:19","slug":"avanza-la-reconstruccion-del-camino-de-la-cremeria-ruta-clave-del-transito-pesado-entre-san-lorenzo-y-ricardone","status":"publish","type":"post","link":"https:\/\/www.noticiasmas.com.ar\/index.php\/2025\/12\/16\/avanza-la-reconstruccion-del-camino-de-la-cremeria-ruta-clave-del-transito-pesado-entre-san-lorenzo-y-ricardone\/","title":{"rendered":"Avanza la reconstrucci\u00f3n del Camino de la Cremer\u00eda, ruta clave del tr\u00e1nsito pesado entre San Lorenzo y Ricardone"},"content":{"rendered":"\n<p>El gobernador Maximiliano Pullaro supervis\u00f3 junto a parte de su gabinete la reconstrucci\u00f3n del Camino de la Cremer\u00eda, nombre con el cual se conoce a la Ruta Provincial N\u00b025 que une la zona norte de San Lorenzo con el extremo oeste de Ricardone. <\/p>\n\n\n\n<p>Este camino es una uni\u00f3n fundamental para el tr\u00e1nsito pesado que lleva el tr\u00e1nsito desde la Ruta Nacional N\u00b011 y la autopista Rosario &#8211; Santa Fe directamente hacia la A012 y la 34. <\/p>\n\n\n\n<p>La inversi\u00f3n que lleva adelante la provincia es, principalmente, en el tramo comprendido luego del puente sobre la autopista y hasta el camino rural que lleva a las instalaciones de Vicentin, un trayecto de 3200 metros. All\u00ed se est\u00e1 realizando una remodelaci\u00f3n integral de la calzada, la cual ha sido levantada por completo, y se realizar\u00e1 toda una capa nueva para soportar el intenso tr\u00e1nsito pesado que la misma recibe d\u00eda a d\u00eda. <\/p>\n\n\n\n<p>La inversi\u00f3n asciende a los 2.500 millones de pesos, seg\u00fan informaron oficialmente de la provincia, y a\u00fan no tiene plazo para su finalizaci\u00f3n, por lo que el tr\u00e1nsito se mantiene cortado. <\/p>\n\n\n\n<p><\/p>\n\n\n\n<p><\/p>\n","protected":false},"excerpt":{"rendered":"<p>El gobernador Maximiliano Pullaro supervis\u00f3 junto a parte de su gabinete la reconstrucci\u00f3n del Camino de la Cremer\u00eda, nombre con el cual se conoce a la Ruta Provincial N\u00b025 que une la zona norte de San Lorenzo con el extremo oeste de Ricardone. Este camino es una uni\u00f3n fundamental para el tr\u00e1nsito pesado que lleva [&hellip;]<\/p>\n","protected":false},"author":9,"featured_media":20217,"comment_status":"closed","ping_status":"open","sticky":false,"template":"","format":"standard","meta":{"tdm_status":"","tdm_grid_status":"","footnotes":""},"categories":[13],"tags":[2394,541,58],"class_list":{"0":"post-20216","1":"post","2":"type-post","3":"status-publish","4":"format-standard","5":"has-post-thumbnail","7":"category-region","8":"tag-camino-de-la-cremeria","9":"tag-ricardone","10":"tag-san-lorenzo"},"_links":{"self":[{"href":"https:\/\/www.noticiasmas.com.ar\/index.php\/wp-json\/wp\/v2\/posts\/20216","targetHints":{"allow":["GET"]}}],"collection":[{"href":"https:\/\/www.noticiasmas.com.ar\/index.php\/wp-json\/wp\/v2\/posts"}],"about":[{"href":"https:\/\/www.noticiasmas.com.ar\/index.php\/wp-json\/wp\/v2\/types\/post"}],"author":[{"embeddable":true,"href":"https:\/\/www.noticiasmas.com.ar\/index.php\/wp-json\/wp\/v2\/users\/9"}],"replies":[{"embeddable":true,"href":"https:\/\/www.noticiasmas.com.ar\/index.php\/wp-json\/wp\/v2\/comments?post=20216"}],"version-history":[{"count":1,"href":"https:\/\/www.noticiasmas.com.ar\/index.php\/wp-json\/wp\/v2\/posts\/20216\/revisions"}],"predecessor-version":[{"id":20218,"href":"https:\/\/www.noticiasmas.com.ar\/index.php\/wp-json\/wp\/v2\/posts\/20216\/revisions\/20218"}],"wp:featuredmedia":[{"embeddable":true,"href":"https:\/\/www.noticiasmas.com.ar\/index.php\/wp-json\/wp\/v2\/media\/20217"}],"wp:attachment":[{"href":"https:\/\/www.noticiasmas.com.ar\/index.php\/wp-json\/wp\/v2\/media?parent=20216"}],"wp:term":[{"taxonomy":"category","embeddable":true,"href":"https:\/\/www.noticiasmas.com.ar\/index.php\/wp-json\/wp\/v2\/categories?post=20216"},{"taxonomy":"post_tag","embeddable":true,"href":"https:\/\/www.noticiasmas.com.ar\/index.php\/wp-json\/wp\/v2\/tags?post=20216"}],"curies":[{"name":"wp","href":"https:\/\/api.w.org\/{rel}","templated":true}]}}