{"id":20241,"date":"2025-12-17T15:13:14","date_gmt":"2025-12-17T18:13:14","guid":{"rendered":"https:\/\/www.noticiasmas.com.ar\/?p=20241"},"modified":"2025-12-17T15:13:20","modified_gmt":"2025-12-17T18:13:20","slug":"como-sera-el-calendario-escolar-de-la-provincia-de-santa-fe-para-cumplir-con-190-dias-de-clase","status":"publish","type":"post","link":"https:\/\/www.noticiasmas.com.ar\/index.php\/2025\/12\/17\/como-sera-el-calendario-escolar-de-la-provincia-de-santa-fe-para-cumplir-con-190-dias-de-clase\/","title":{"rendered":"\u00bfC\u00f3mo ser\u00e1 el calendario escolar de la provincia de Santa Fe para cumplir con 190 d\u00edas de clase?"},"content":{"rendered":"\n<p>El ministro de Educaci\u00f3n de Santa Fe, Jos\u00e9 Goity, anunci\u00f3 este mi\u00e9rcoles el calendario escolar 2026 que iniciar\u00e1 el 2 de marzo, tendr\u00e1 receso invernal del 6 al 17 de julio y finalizar\u00e1 el 18 de diciembre tanto en el nivel Inicial, como Primario y Especial (IPE). Tambi\u00e9n lo har\u00e1n en las mismas fechas la primaria adultos y EEMPA.<\/p>\n\n\n\n<p>Los niveles secundario, superior y de formaci\u00f3n profesional, en tanto, tendr\u00e1n misma fecha de inicio del calendario escolar y receso invernal, pero finalizar\u00e1n el 11 de diciembre de 2026.<\/p>\n\n\n\n<p><strong>Tras 14 a\u00f1os, Santa Fe cumpli\u00f3 con 185 d\u00edas de clase<\/strong><\/p>\n\n\n\n<p>En la oportunidad, Goity inform\u00f3 sobre la cantidad de d\u00edas de clases correspondientes al ciclo lectivo actual, destacando que este 2025 \u201cvamos a cumplir por primera vez en 14 a\u00f1os lo planificado para el calendario escolar 2025 que fueron 185 d\u00edas de clase\u201d, asegurando que es un cambio que \u201cva marcando una transformaci\u00f3n educativa en la provincia\u201d.<\/p>\n\n\n\n<p>El funcionario agreg\u00f3 que Santa Fe \u201cest\u00e1 al tope de las horas de clase efectivas, siendo la segunda provincia a nivel nacional en ese ranking y estar\u00e1 en el podio por la implementaci\u00f3n de la hora extendida\u201d, explicando luego que \u201cen la totalidad del 2025 ninguna escuela de gesti\u00f3n p\u00fablica o privada tuvo menos de 5 horas diarias de clase\u201d.<\/p>\n\n\n\n<p>Para el pr\u00f3ximo a\u00f1o, el ministro de Educaci\u00f3n provincial asegur\u00f3 que el objetivo ser\u00e1 tener \u201c190 d\u00edas de clase\u201d y para que eso sea posible reconoci\u00f3 que el inicio del calendario escolar ser\u00e1 \u201cel 2 de marzo en todas las modalidades\u201d finalizando el \u201c18 de diciembre\u201d y superando \u201cholgadamente la cantidad de horas establecidas como est\u00e1ndar, lo que nos posicionar\u00e1 como la provincia que m\u00e1s horas de clases tiene en Argentina\u201d.<\/p>\n\n\n\n<p><strong>Sistema educativo planificado, regular y previsible<\/strong><\/p>\n\n\n\n<p>De esta forma, la provincia de Santa Fe ratifica el compromiso asumido en la \u00faltima reuni\u00f3n del Consejo Federal de Educaci\u00f3n (CFE), donde las 24 jurisdicciones acordaron que el calendario escolar 2026 alcanzar\u00e1 el m\u00ednimo proyectado de d\u00edas de clases, y establecieron 4 horas reloj como el piso m\u00ednimo para considerar un d\u00eda lectivo efectivo. \u201cQueremos que el a\u00f1o pr\u00f3ximo se puedan consolidar y profundizar las pol\u00edticas pedag\u00f3gicas educativas que iniciamos en estos dos a\u00f1os de la gesti\u00f3n del gobernador Maximiliano Pullaro y creemos que para que tengan el impacto necesario en los aprendizajes de los alumnos y alumnas necesitamos d\u00edas de clase que se cumplan con un sistema educativo planificado, regular y previsible para los docentes, chicos, chicas y las familias\u201d, afirm\u00f3 Goity.<\/p>\n","protected":false},"excerpt":{"rendered":"<p>El ministro de Educaci\u00f3n de Santa Fe, Jos\u00e9 Goity, anunci\u00f3 este mi\u00e9rcoles el calendario escolar 2026 que iniciar\u00e1 el 2 de marzo, tendr\u00e1 receso invernal del 6 al 17 de julio y finalizar\u00e1 el 18 de diciembre tanto en el nivel Inicial, como Primario y Especial (IPE). Tambi\u00e9n lo har\u00e1n en las mismas fechas la [&hellip;]<\/p>\n","protected":false},"author":9,"featured_media":20242,"comment_status":"closed","ping_status":"open","sticky":false,"template":"","format":"standard","meta":{"tdm_status":"","tdm_grid_status":"","footnotes":""},"categories":[14],"tags":[149,18],"class_list":{"0":"post-20241","1":"post","2":"type-post","3":"status-publish","4":"format-standard","5":"has-post-thumbnail","7":"category-provinciales","8":"tag-educacion","9":"tag-santa-fe"},"_links":{"self":[{"href":"https:\/\/www.noticiasmas.com.ar\/index.php\/wp-json\/wp\/v2\/posts\/20241","targetHints":{"allow":["GET"]}}],"collection":[{"href":"https:\/\/www.noticiasmas.com.ar\/index.php\/wp-json\/wp\/v2\/posts"}],"about":[{"href":"https:\/\/www.noticiasmas.com.ar\/index.php\/wp-json\/wp\/v2\/types\/post"}],"author":[{"embeddable":true,"href":"https:\/\/www.noticiasmas.com.ar\/index.php\/wp-json\/wp\/v2\/users\/9"}],"replies":[{"embeddable":true,"href":"https:\/\/www.noticiasmas.com.ar\/index.php\/wp-json\/wp\/v2\/comments?post=20241"}],"version-history":[{"count":1,"href":"https:\/\/www.noticiasmas.com.ar\/index.php\/wp-json\/wp\/v2\/posts\/20241\/revisions"}],"predecessor-version":[{"id":20243,"href":"https:\/\/www.noticiasmas.com.ar\/index.php\/wp-json\/wp\/v2\/posts\/20241\/revisions\/20243"}],"wp:featuredmedia":[{"embeddable":true,"href":"https:\/\/www.noticiasmas.com.ar\/index.php\/wp-json\/wp\/v2\/media\/20242"}],"wp:attachment":[{"href":"https:\/\/www.noticiasmas.com.ar\/index.php\/wp-json\/wp\/v2\/media?parent=20241"}],"wp:term":[{"taxonomy":"category","embeddable":true,"href":"https:\/\/www.noticiasmas.com.ar\/index.php\/wp-json\/wp\/v2\/categories?post=20241"},{"taxonomy":"post_tag","embeddable":true,"href":"https:\/\/www.noticiasmas.com.ar\/index.php\/wp-json\/wp\/v2\/tags?post=20241"}],"curies":[{"name":"wp","href":"https:\/\/api.w.org\/{rel}","templated":true}]}}