{"id":20250,"date":"2025-12-17T18:11:54","date_gmt":"2025-12-17T21:11:54","guid":{"rendered":"https:\/\/www.noticiasmas.com.ar\/?p=20250"},"modified":"2025-12-17T18:11:58","modified_gmt":"2025-12-17T21:11:58","slug":"jueves-18-de-diciembre-informe-completo-sobre-las-movilizaciones-en-rosario-por-la-reforma-laboral","status":"publish","type":"post","link":"https:\/\/www.noticiasmas.com.ar\/index.php\/2025\/12\/17\/jueves-18-de-diciembre-informe-completo-sobre-las-movilizaciones-en-rosario-por-la-reforma-laboral\/","title":{"rendered":"JUEVES 18 DE DICIEMBRE: INFORME COMPLETO SOBRE LAS MOVILIZACIONES EN ROSARIO POR LA REFORMA LABORAL"},"content":{"rendered":"\n<p>CGT ROSARIO<\/p>\n\n\n\n<p>La CGT Rosario realizar\u00e1 una masiva concentraci\u00f3n este jueves 18 de diciembre en rechazo a la reforma laboral que promueve el gobierno nacional. La actividad tendr\u00e1 su epicentro en la Plaza 25 de Mayo a las 16 horas con un \u00fanico orador que ser\u00e1 el secretario general de la entidad gremial, Miguel Vivas. Su sumar\u00e1n organizaciones gremiales que no son parte del espacio, organizaciones sociales, pol\u00edticas, estudiantiles y de derechos humanos.<\/p>\n\n\n\n<p>\u201cLas y los trabajadores organizados de nuestra regi\u00f3n manifestamos nuestro rechazo -al proyecto de reforma laboral- y nos movilizaremos en favor de nuestros derechos\u201d, indic\u00f3 Miguel Vivas.<\/p>\n\n\n\n<p>En tanto, Mart\u00edn Lucero, que es Secretario adjunto de la CGT Rosario y titular del gremio Sadop dijo: \u201cEl acto de este jueves va a representar un hecho hist\u00f3rico para Rosario. Nos plantaremos contra una reforma laboral que lejos de producir nuevos puestos de trabajo va a eliminar los pocos puestos de trabajo que quedan\u201d.<\/p>\n\n\n\n<p>LA CATT Y ORGANIZACIONES SOCIALES<\/p>\n\n\n\n<p>Dirigentes de la Confederaci\u00f3n Argentina de Trabajadores del Transporte (CATT) y de la Corriente Clasista y Combativa (CCC) marcharan, con concentraci\u00f3n a las 10 frente a la iglesia de San Cayetano y un acto central a las 12 en la plaza 25 de Mayo, en el centro de Rosario. La convocatoria busca visibilizar el rechazo a los cambios propuestos en la legislaci\u00f3n laboral y reclamar pol\u00edticas que garanticen derechos y condiciones dignas de trabajo.<\/p>\n\n\n\n<p>Por lo pronto, La CATT junto a la CCC vienen de ser recibidos (este pasado martes) en la sede del Arzobispado de Rosario por monse\u00f1or Eduardo Mart\u00edn, arzobispo de la di\u00f3cesis local, y por el padre Fabi\u00e1n Monte, responsable de la Pastoral Social.<\/p>\n\n\n\n<p>ACEITEROS DE PARO ESTE JUEVES CONTRA LA REFORMA LABORAL Y MOVILIZAN EN TODO EL PAIS<\/p>\n\n\n\n<p>Desde la Federaci\u00f3n Aceitera y Desmotadora de Algod\u00f3n (FTCIODyARA) inician una Huelga Nacional con paro activo y movilizaci\u00f3n a partir de las 00 horas del jueves 18 de diciembre contra la regresiva Reforma Laboral.<\/p>\n\n\n\n<p>En ese sentido, la entidad gremial se expres\u00f3 en un comunicado se\u00f1alando que, \u201cEl gobierno nacional present\u00f3 un proyecto de Reforma Laboral con el que pretende fortalecer la posici\u00f3n de las patronales y debilitar la de quienes trabajamos\u201d.<\/p>\n\n\n\n<p>Asimismo la entidad gremial le respondi\u00f3 a una de las c\u00e1maras empresarias del sector (CIARA) que hab\u00eda calificado a la huelga de \u201cpol\u00edtica\u201d. \u201cNo sabemos si se refieren a la ley vigente o al proyecto que redactaron sus asesores para empeorar las condiciones de trabajo y de vida de la clase trabajadora argentina\u201d, retrucaron de la Federaci\u00f3n Aceitera.<\/p>\n\n\n\n<p>FESTRAM MOVILIZA CONTRA LA REFORMA LABORAL<\/p>\n\n\n\n<p>Frente a la movilizaci\u00f3n general en todo el pa\u00eds para el d\u00eda 18 de diciembre pr\u00f3ximo, lanzada por la CGT y la solicitud para que todas sus regionales del interior del pa\u00eds convoquen en cada ciudad y provincia, e implementen estas directivas, Festram moviliza a la ciudad de Santa Fe y Rosario junto a las CGT, la CTAA, la CATT y los movimientos sociales (UTEP) en defensa de conquistas hist\u00f3ricas del movimiento obrero, que pretenden borrar de nuestra Constituci\u00f3n nacional.<\/p>\n\n\n\n<p>Aquellos sindicatos de base de la Federaci\u00f3n que integren las distintas Regionales de la CGT participar\u00e1n en las actividades definidas por las mismas.<\/p>\n\n\n\n<p>DOCENTES Y NO DOCENTES DE LA UNR (COAD)<\/p>\n\n\n\n<p>Desde la Asociaci\u00f3n Gremial de Docentes e Investigadores de la UNR COAD) y la Asociaci\u00f3n del Personal de Trabajadores No Docentes de la UNR (Apur) decretaron un paro de 24 horas para este jueves sin asistencia a los lugares de trabajo.<\/p>\n\n\n\n<p>En dicha Jornada la COAD junto a otras organizaciones sindicales y gremiales se concentran a las 10:30 horas en Av. Pellegrini y Bs As. Luego a las 12 horas marcharan a Plaza 25 de Mayo y a la tarde se sumar\u00e1n a la concentraci\u00f3n que convoca la CGT Rosario desde las 16 horas en la misma plaza. Apur moviliza junto a CGT Rosario.<\/p>\n\n\n\n<p>ATE ROSARIO<\/p>\n\n\n\n<p>ATE Rosario tambi\u00e9n convoc\u00f3 a participar de la jornada de protesta de este jueves 18 de diciembre y record\u00f3 que habr\u00e1 desobligaci\u00f3n de los trabajadores estatales entre las 10 y las 18 para facilitar la asistencia.<\/p>\n\n\n\n<p>El gremio concentra a las 10.30 horas en Pellegrini y Buenos Aires para marchar a las 12 horas a Plaza 25 de mayo.<\/p>\n\n\n\n<p>Tambi\u00e9n participar\u00e1n de la concentraci\u00f3n en la misma plaza a las 16 horas que convoca CGT Rosario. As\u00ed lo comunic\u00f3 su secretaria general Lorena Almiron.<\/p>\n\n\n\n<p>GREMIOS INTERSINDICAL ROSARIO<\/p>\n\n\n\n<p>Los gremios que se nuclean en la Intersindical Rosario (Luz y Fuerza, Correo, Atsa Rosario, Sadop, Bancarios, Judiciales de Santa Fe) se concentran a las 16 horas en la Plaza 25 de Mayo. Este espacio integra la CGT local.<\/p>\n\n\n\n<p>PJ ROSARIO<\/p>\n\n\n\n<p>El secretario Gremial del PJ Rosario, Sergio Rivolta inform\u00f3 que desde el Partido Justicialista \u201cacompa\u00f1amos\u201d la movilizaci\u00f3n convocada por la CGT Rosario para el jueves 18 de diciembre en defensa de los derechos laborales.<\/p>\n\n\n\n<p>\u201cMientras el gobierno nacional impulsa una reforma que restringe derechos y empobrece al pueblo trabajador, nuestro compromiso siempre estar\u00e1 a favor de defender y ampliar las conquistas hist\u00f3ricas del movimiento obrero\u201d, manifest\u00f3 Rivolta.<\/p>\n","protected":false},"excerpt":{"rendered":"<p>CGT ROSARIO La CGT Rosario realizar\u00e1 una masiva concentraci\u00f3n este jueves 18 de diciembre en rechazo a la reforma laboral que promueve el gobierno nacional. La actividad tendr\u00e1 su epicentro en la Plaza 25 de Mayo a las 16 horas con un \u00fanico orador que ser\u00e1 el secretario general de la entidad gremial, Miguel Vivas. [&hellip;]<\/p>\n","protected":false},"author":5,"featured_media":20253,"comment_status":"closed","ping_status":"open","sticky":false,"template":"","format":"standard","meta":{"tdm_status":"","tdm_grid_status":"","footnotes":""},"categories":[13],"tags":[6147,5940,163],"class_list":{"0":"post-20250","1":"post","2":"type-post","3":"status-publish","4":"format-standard","5":"has-post-thumbnail","7":"category-region","8":"tag-movilizacion-18-12","9":"tag-rechazo-a-la-reforma-laboral","10":"tag-rosario"},"_links":{"self":[{"href":"https:\/\/www.noticiasmas.com.ar\/index.php\/wp-json\/wp\/v2\/posts\/20250","targetHints":{"allow":["GET"]}}],"collection":[{"href":"https:\/\/www.noticiasmas.com.ar\/index.php\/wp-json\/wp\/v2\/posts"}],"about":[{"href":"https:\/\/www.noticiasmas.com.ar\/index.php\/wp-json\/wp\/v2\/types\/post"}],"author":[{"embeddable":true,"href":"https:\/\/www.noticiasmas.com.ar\/index.php\/wp-json\/wp\/v2\/users\/5"}],"replies":[{"embeddable":true,"href":"https:\/\/www.noticiasmas.com.ar\/index.php\/wp-json\/wp\/v2\/comments?post=20250"}],"version-history":[{"count":1,"href":"https:\/\/www.noticiasmas.com.ar\/index.php\/wp-json\/wp\/v2\/posts\/20250\/revisions"}],"predecessor-version":[{"id":20254,"href":"https:\/\/www.noticiasmas.com.ar\/index.php\/wp-json\/wp\/v2\/posts\/20250\/revisions\/20254"}],"wp:featuredmedia":[{"embeddable":true,"href":"https:\/\/www.noticiasmas.com.ar\/index.php\/wp-json\/wp\/v2\/media\/20253"}],"wp:attachment":[{"href":"https:\/\/www.noticiasmas.com.ar\/index.php\/wp-json\/wp\/v2\/media?parent=20250"}],"wp:term":[{"taxonomy":"category","embeddable":true,"href":"https:\/\/www.noticiasmas.com.ar\/index.php\/wp-json\/wp\/v2\/categories?post=20250"},{"taxonomy":"post_tag","embeddable":true,"href":"https:\/\/www.noticiasmas.com.ar\/index.php\/wp-json\/wp\/v2\/tags?post=20250"}],"curies":[{"name":"wp","href":"https:\/\/api.w.org\/{rel}","templated":true}]}}