{"id":20260,"date":"2025-12-17T18:31:16","date_gmt":"2025-12-17T21:31:16","guid":{"rendered":"https:\/\/www.noticiasmas.com.ar\/?p=20260"},"modified":"2025-12-17T18:31:20","modified_gmt":"2025-12-17T21:31:20","slug":"granadero-baigorria-el-camping-municipal-inaugura-la-temporada-de-verano-2025-2026-con-nuevas-propuestas-para-toda-la-familia","status":"publish","type":"post","link":"https:\/\/www.noticiasmas.com.ar\/index.php\/2025\/12\/17\/granadero-baigorria-el-camping-municipal-inaugura-la-temporada-de-verano-2025-2026-con-nuevas-propuestas-para-toda-la-familia\/","title":{"rendered":"Granadero Baigorria: El Camping Municipal inaugura la Temporada de Verano 2025\u20132026 con nuevas propuestas para toda la familia"},"content":{"rendered":"\n<p>La Municipalidad informa que el Camping Municipal da inicio a su temporada estival. El predio ofrecer\u00e1 una amplia agenda recreativa, deportiva y social, incluyendo colonias de vacaciones para todas las edades, escuela de nataci\u00f3n y actividades acu\u00e1ticas.<\/p>\n\n\n\n<p>A continuaci\u00f3n, se detalla el cronograma de funcionamiento del predio y la informaci\u00f3n necesaria para la inscripci\u00f3n a las actividades programadas.<\/p>\n\n\n\n<p><strong>&nbsp;HORARIOS DE FUNCIONAMIENTO<\/strong><\/p>\n\n\n\n<p><strong>Camping Municipal<\/strong><\/p>\n\n\n\n<ul class=\"wp-block-list\">\n<li><strong>Diciembre:<\/strong>\u00a0Lunes a viernes de 9:00 a 20:00 hs.<\/li>\n\n\n\n<li><strong>Enero:<\/strong>\n<ul class=\"wp-block-list\">\n<li>Lunes a viernes: 13:00 a 20:00 hs.<\/li>\n\n\n\n<li>S\u00e1bados, domingos y feriados: 9:00 a 20:00 hs.<\/li>\n<\/ul>\n<\/li>\n<\/ul>\n\n\n\n<p><strong>Pileta<\/strong><\/p>\n\n\n\n<ul class=\"wp-block-list\">\n<li><strong>Martes a viernes:<\/strong>\u00a013:00 a 20:00 hs.<\/li>\n\n\n\n<li><strong>S\u00e1bados, domingos y feriados:<\/strong>\u00a011:00 a 20:00 hs.<\/li>\n<\/ul>\n\n\n\n<p><strong>&nbsp;INSCRIPCIONES Y ACTIVIDADES<\/strong><\/p>\n\n\n\n<p>Se invita a la comunidad a sumarse a las distintas propuestas. Es fundamental presentar la documentaci\u00f3n requerida al momento de la inscripci\u00f3n.<\/p>\n\n\n\n<p><strong>1. Colonia de Adultos Mayores<\/strong><\/p>\n\n\n\n<ul class=\"wp-block-list\">\n<li><strong>Inscripci\u00f3n:<\/strong>\u00a0Del lunes 15 al viernes 19 de diciembre.<\/li>\n\n\n\n<li><strong>Lugar y horario de inscripci\u00f3n:<\/strong>\u00a0Oficina de Deportes (San Lorenzo 1008), de 9:00 a 12:30 hs.<\/li>\n\n\n\n<li><strong>Inicio de actividades:<\/strong>\u00a08 y 9 de enero.<\/li>\n\n\n\n<li><strong>D\u00edas de cursado:<\/strong>\u00a0Martes y jueves \/ Mi\u00e9rcoles y viernes, de 10:00 a 13:00 hs.<\/li>\n\n\n\n<li><strong>Requisitos:<\/strong>\u00a0Certificado m\u00e9dico, certificado bucodental, fotocopia de DNI y fotocopia de carnet de PAMI.<\/li>\n<\/ul>\n\n\n\n<p><strong>2. Colonia de Ni\u00f1os (4 a 13 a\u00f1os)<\/strong><\/p>\n\n\n\n<ul class=\"wp-block-list\">\n<li><strong>Inscripci\u00f3n:<\/strong>\u00a0Del lunes 15 al viernes 19 de diciembre.<\/li>\n\n\n\n<li><strong>Lugar y horario de inscripci\u00f3n:<\/strong>\u00a0Camping Municipal, de 9:00 a 12:00 hs y de 17:30 a 18:30 hs.<\/li>\n\n\n\n<li><strong>Inicio de actividades:<\/strong>\u00a05 de enero.<\/li>\n\n\n\n<li><strong>Requisitos:<\/strong>\u00a0Certificado m\u00e9dico, certificado bucodental, fotocopia de DNI y fotocopia del carnet de vacunas.<\/li>\n<\/ul>\n\n\n\n<p><strong>3. Colonia de Adolescentes (14 a 17 a\u00f1os)<\/strong><\/p>\n\n\n\n<ul class=\"wp-block-list\">\n<li><strong>Inscripci\u00f3n:<\/strong>\u00a0Del lunes 15 al viernes 19 de diciembre.<\/li>\n\n\n\n<li><strong>Lugar y horario de inscripci\u00f3n:<\/strong>\u00a0Camping Municipal, de 9:00 a 12:00 hs y de 17:30 a 18:30 hs.<\/li>\n\n\n\n<li><strong>Inicio de actividades:<\/strong>\u00a0Enero (d\u00edas mi\u00e9rcoles y viernes).<\/li>\n\n\n\n<li><strong>Requisitos:<\/strong>\u00a0Certificado m\u00e9dico, certificado bucodental, fotocopia de DNI y fotocopia del carnet de vacunas.<\/li>\n<\/ul>\n\n\n\n<p><strong>4. Aquagym<\/strong><\/p>\n\n\n\n<ul class=\"wp-block-list\">\n<li><strong>Inscripci\u00f3n:<\/strong>\u00a0Del martes 16 al viernes 19 de diciembre.<\/li>\n\n\n\n<li><strong>Lugar y horario de inscripci\u00f3n:<\/strong>\u00a0Oficina de Deportes (San Lorenzo 1008), de 9:00 a 12:00 hs.<\/li>\n\n\n\n<li><strong>Inicio de actividades:<\/strong>\u00a0Enero.<\/li>\n\n\n\n<li><strong>D\u00edas de cursado:<\/strong>\n<ul class=\"wp-block-list\">\n<li>Martes y jueves: 14:00 a 15:00 hs \/ 15:00 a 16:00 hs.<\/li>\n\n\n\n<li>Mi\u00e9rcoles y viernes: 15:00 a 16:00 hs \/ 16:00 a 17:00 hs.<\/li>\n<\/ul>\n<\/li>\n\n\n\n<li><strong>Costo:<\/strong>\u00a0$40.000.<\/li>\n\n\n\n<li><strong>Requisitos:<\/strong>\u00a0Certificado m\u00e9dico, certificado bucodental y fotocopia de DNI.<\/li>\n<\/ul>\n\n\n\n<p>La temporada en el Camping Municipal propone un espacio de encuentro y bienestar, pensado para el disfrute de todos los vecinos y vecinas.<\/p>\n","protected":false},"excerpt":{"rendered":"<p>La Municipalidad informa que el Camping Municipal da inicio a su temporada estival. El predio ofrecer\u00e1 una amplia agenda recreativa, deportiva y social, incluyendo colonias de vacaciones para todas las edades, escuela de nataci\u00f3n y actividades acu\u00e1ticas. A continuaci\u00f3n, se detalla el cronograma de funcionamiento del predio y la informaci\u00f3n necesaria para la inscripci\u00f3n a [&hellip;]<\/p>\n","protected":false},"author":5,"featured_media":11793,"comment_status":"closed","ping_status":"open","sticky":false,"template":"","format":"standard","meta":{"tdm_status":"","tdm_grid_status":"","footnotes":""},"categories":[10],"tags":[3547,246,6151,6150],"class_list":{"0":"post-20260","1":"post","2":"type-post","3":"status-publish","4":"format-standard","5":"has-post-thumbnail","7":"category-deportes","8":"tag-camping-municipal","9":"tag-granadero-baigorria","10":"tag-propuestas-y-actividades","11":"tag-temporada-25-26"},"_links":{"self":[{"href":"https:\/\/www.noticiasmas.com.ar\/index.php\/wp-json\/wp\/v2\/posts\/20260","targetHints":{"allow":["GET"]}}],"collection":[{"href":"https:\/\/www.noticiasmas.com.ar\/index.php\/wp-json\/wp\/v2\/posts"}],"about":[{"href":"https:\/\/www.noticiasmas.com.ar\/index.php\/wp-json\/wp\/v2\/types\/post"}],"author":[{"embeddable":true,"href":"https:\/\/www.noticiasmas.com.ar\/index.php\/wp-json\/wp\/v2\/users\/5"}],"replies":[{"embeddable":true,"href":"https:\/\/www.noticiasmas.com.ar\/index.php\/wp-json\/wp\/v2\/comments?post=20260"}],"version-history":[{"count":1,"href":"https:\/\/www.noticiasmas.com.ar\/index.php\/wp-json\/wp\/v2\/posts\/20260\/revisions"}],"predecessor-version":[{"id":20261,"href":"https:\/\/www.noticiasmas.com.ar\/index.php\/wp-json\/wp\/v2\/posts\/20260\/revisions\/20261"}],"wp:featuredmedia":[{"embeddable":true,"href":"https:\/\/www.noticiasmas.com.ar\/index.php\/wp-json\/wp\/v2\/media\/11793"}],"wp:attachment":[{"href":"https:\/\/www.noticiasmas.com.ar\/index.php\/wp-json\/wp\/v2\/media?parent=20260"}],"wp:term":[{"taxonomy":"category","embeddable":true,"href":"https:\/\/www.noticiasmas.com.ar\/index.php\/wp-json\/wp\/v2\/categories?post=20260"},{"taxonomy":"post_tag","embeddable":true,"href":"https:\/\/www.noticiasmas.com.ar\/index.php\/wp-json\/wp\/v2\/tags?post=20260"}],"curies":[{"name":"wp","href":"https:\/\/api.w.org\/{rel}","templated":true}]}}