{"id":20308,"date":"2025-12-19T18:22:27","date_gmt":"2025-12-19T21:22:27","guid":{"rendered":"https:\/\/www.noticiasmas.com.ar\/?p=20308"},"modified":"2025-12-19T18:22:32","modified_gmt":"2025-12-19T21:22:32","slug":"daniel-succi-hay-necesidad-de-avanzar-en-medidas-de-fuerza-para-frenar-la-reforma-laboral","status":"publish","type":"post","link":"https:\/\/www.noticiasmas.com.ar\/index.php\/2025\/12\/19\/daniel-succi-hay-necesidad-de-avanzar-en-medidas-de-fuerza-para-frenar-la-reforma-laboral\/","title":{"rendered":"Daniel Succi: HAY NECESIDAD DE AVANZAR EN MEDIDAS DE FUERZA PARA FRENAR LA REFORMA LABORAL"},"content":{"rendered":"\n<p>El titular del gremio aceitero convers\u00f3 con Jorge Sola junto a integrantes de la delegaci\u00f3n del SOEA que viaj\u00f3 a Buenos Aires para participar de la manifestaci\u00f3n. Coincidieron en la necesidad de avanzar en medidas de fuerza para frenar la reforma laboral.<\/p>\n\n\n\n<p>Al finalizar la masiva movilizaci\u00f3n convocada por la Confederaci\u00f3n General del Trabajo (CGT) en Plaza de Mayo contra la reforma laboral impulsada por el gobierno nacional, el secretario general del Sindicato de Obreros y Empleados Aceiteros del departamento San Lorenzo (SOEA), Daniel Succi, mantuvo un encuentro con Jorge Sola, uno de los secretarios generales de la central, donde ambos dirigentes se reconocieron y conversaron sobre el plan de lucha ante las medidas del gobierno nacional.<\/p>\n\n\n\n<p>Durante el encuentro, junto a trabajadores aceiteros que participaron de la jornada de lucha, los dirigentes coincidieron en la necesidad de profundizar las medidas de fuerza para frenar el avance del proyecto oficial, que implica una grave p\u00e9rdida de derechos para la clase trabajadora. \u201cEsta reforma laboral es el genocidio de la clase trabajadora\u201d, resalt\u00f3, una vez m\u00e1s, Succi.<\/p>\n\n\n\n<p>En ese marco, el dirigente aceitero reclam\u00f3 a la conducci\u00f3n de la CGT rechazar de plano la reforma laboral y avanzar hacia la convocatoria de un paro general en defensa del trabajo, los convenios colectivos y la justicia social. Adem\u00e1s, solicit\u00f3 la conformaci\u00f3n de una mesa abierta de trabajo para abordar en conjunto la reforma laboral.<\/p>\n\n\n\n<p>\u201cHoy estamos en la calle, seguramente vamos a terminar en un paro. Ahora estamos peleando para que no salga la reforma laboral\u201d, expres\u00f3 Jorge Sol\u00e1, quien adem\u00e1s reconoci\u00f3 la trayectoria de lucha del movimiento aceitero y remarc\u00f3 la necesidad de construir una alternativa pol\u00edtica frente al ajuste.<\/p>\n\n\n\n<p>\u201cReconozco el camino de ustedes. Tenemos que ser inteligentes, tenemos que saber cu\u00e1ndo pegar, c\u00f3mo y d\u00f3nde. Pero lo m\u00e1s importante, tenemos que trabajar en construir oposici\u00f3n\u201d, afirm\u00f3 el dirigente cegetista ante la delegaci\u00f3n del SOEA.<\/p>\n\n\n\n<p>Desde el Sindicato de Obreros y Empleados Aceiteros del departamento San Lorenzo reafirmaron su compromiso con la unidad del movimiento obrero y la continuidad del plan de lucha, y ratificaron que no hay margen para retrocesos frente a una reforma que busca consolidar la precarizaci\u00f3n laboral y el ajuste sobre los trabajadores y jubilados.<\/p>\n","protected":false},"excerpt":{"rendered":"<p>El titular del gremio aceitero convers\u00f3 con Jorge Sola junto a integrantes de la delegaci\u00f3n del SOEA que viaj\u00f3 a Buenos Aires para participar de la manifestaci\u00f3n. Coincidieron en la necesidad de avanzar en medidas de fuerza para frenar la reforma laboral. Al finalizar la masiva movilizaci\u00f3n convocada por la Confederaci\u00f3n General del Trabajo (CGT) [&hellip;]<\/p>\n","protected":false},"author":5,"featured_media":20309,"comment_status":"closed","ping_status":"open","sticky":false,"template":"","format":"standard","meta":{"tdm_status":"","tdm_grid_status":"","footnotes":""},"categories":[13],"tags":[254,6058,226,52,5940,58],"class_list":{"0":"post-20308","1":"post","2":"type-post","3":"status-publish","4":"format-standard","5":"has-post-thumbnail","7":"category-region","8":"tag-aceiteros","9":"tag-cgt-nacional","10":"tag-gremiales","11":"tag-puerto-san-martin","12":"tag-rechazo-a-la-reforma-laboral","13":"tag-san-lorenzo"},"_links":{"self":[{"href":"https:\/\/www.noticiasmas.com.ar\/index.php\/wp-json\/wp\/v2\/posts\/20308","targetHints":{"allow":["GET"]}}],"collection":[{"href":"https:\/\/www.noticiasmas.com.ar\/index.php\/wp-json\/wp\/v2\/posts"}],"about":[{"href":"https:\/\/www.noticiasmas.com.ar\/index.php\/wp-json\/wp\/v2\/types\/post"}],"author":[{"embeddable":true,"href":"https:\/\/www.noticiasmas.com.ar\/index.php\/wp-json\/wp\/v2\/users\/5"}],"replies":[{"embeddable":true,"href":"https:\/\/www.noticiasmas.com.ar\/index.php\/wp-json\/wp\/v2\/comments?post=20308"}],"version-history":[{"count":1,"href":"https:\/\/www.noticiasmas.com.ar\/index.php\/wp-json\/wp\/v2\/posts\/20308\/revisions"}],"predecessor-version":[{"id":20310,"href":"https:\/\/www.noticiasmas.com.ar\/index.php\/wp-json\/wp\/v2\/posts\/20308\/revisions\/20310"}],"wp:featuredmedia":[{"embeddable":true,"href":"https:\/\/www.noticiasmas.com.ar\/index.php\/wp-json\/wp\/v2\/media\/20309"}],"wp:attachment":[{"href":"https:\/\/www.noticiasmas.com.ar\/index.php\/wp-json\/wp\/v2\/media?parent=20308"}],"wp:term":[{"taxonomy":"category","embeddable":true,"href":"https:\/\/www.noticiasmas.com.ar\/index.php\/wp-json\/wp\/v2\/categories?post=20308"},{"taxonomy":"post_tag","embeddable":true,"href":"https:\/\/www.noticiasmas.com.ar\/index.php\/wp-json\/wp\/v2\/tags?post=20308"}],"curies":[{"name":"wp","href":"https:\/\/api.w.org\/{rel}","templated":true}]}}