{"id":20325,"date":"2025-12-19T20:10:44","date_gmt":"2025-12-19T23:10:44","guid":{"rendered":"https:\/\/www.noticiasmas.com.ar\/?p=20325"},"modified":"2025-12-19T20:10:47","modified_gmt":"2025-12-19T23:10:47","slug":"pensando-en-el-verano-el-valle-de-calamuchita-presento-en-rosario-su-oferta-turistica","status":"publish","type":"post","link":"https:\/\/www.noticiasmas.com.ar\/index.php\/2025\/12\/19\/pensando-en-el-verano-el-valle-de-calamuchita-presento-en-rosario-su-oferta-turistica\/","title":{"rendered":"Pensando en el verano: El Valle de Calamuchita present\u00f3 en Rosario su oferta tur\u00edstica"},"content":{"rendered":"\n<p>La Comunidad Regional Calamuchita llev\u00f3 adelante una rueda de prensa en la ciudad de Rosario para seguir posicionando al valle como uno de los destinos m\u00e1s elegidos del pa\u00eds.<\/p>\n\n\n\n<p>En el bar Famiglia, frente al Monumento a la Bandera, directores y secretarios de Turismo presentaron a la prensa local las propuestas, servicios y la agenda de eventos para este verano, destacando la identidad y diversidad de cada localidad del valle.<\/p>\n\n\n\n<p>Esta acci\u00f3n forma parte del trabajo conjunto que viene realizando la Comunidad Regional para fortalecer la promoci\u00f3n tur\u00edstica de Calamuchita en los principales centros emisores, junto al sector privado y con el acompa\u00f1amiento de la Agencia C\u00f3rdoba Turismo.<\/p>\n\n\n\n<p>Entre los visitantes se encontraban presentes, Marco Arregui, secretario de Turismo, Cultura y Deportes de Santa Rosa de Calamuchita; Sergio Martina, director de Turismo y Cultura de Los Reartes; Ailen Lezana, secretaria de Turismo de Villa Rumipal; Melisa Riva, directora de Turismo de Villa Yacanto de Calamuchita; M\u00f3nica Pattaccini, secretaria de Gobierno, Turismo y Cultura de Villa Quillinzo y Fabricio Molina, secretario de Turismo y Deporte de Embalse de Rio Tercero, todos acompa\u00f1ados  por Agust\u00edn Andiesa, responsable de prensa de la Comunidad Regional Calamuchita.<\/p>\n\n\n\n<p>Si bien algunas localidades del valle no pudieron estar f\u00edsicamente acompa\u00f1anando la excursi\u00f3n a tierras rosarinas, sus materiales de informaci\u00f3n se encontraron presente.<\/p>\n\n\n\n<p>El encuentro sirvi\u00f3 para que los responsables de las \u00e1reas de turismo de cada localidad se explayara en los beneficios y bondades de cada rinc\u00f3n del valle, no solo en sus bellezas naturales, sino tambi\u00e9n en todo lo referente a gastronom\u00eda, alojamientos, excursiones, actividades y calendarios de eventos que tendr\u00e1n lugar durante la pr\u00f3xima temporada estival.<\/p>\n\n\n\n<p>El Valle de Calamuchita es uno de los centros tur\u00edsticos m\u00e1s elegidos por los viajeros de Rosario y toda su zona de influencia, debido a la conectividad terrestre por la Autopista Rosario &#8211; C\u00f3rdoba, por su cercan\u00eda, su diversidad de culturas, sus lagos, r\u00edos y tambi\u00e9n por ser un destino acomodado para todo tipo de bolsillos, entre otros tantos beneficios a la hora de elegir el lugar dende vacacionar, en pareja, solo o en familia.<\/p>\n\n\n\n<p><a href=\"https:\/\/www.instagram.com\/explore\/tags\/calamuchita\/\">#Calamuchita<\/a>\u00a0<a href=\"https:\/\/www.instagram.com\/explore\/tags\/almadesierra\/\">#AlmaDeSierra<\/a>\u00a0<a href=\"https:\/\/www.instagram.com\/explore\/tags\/turismo\/\">#Turismo<\/a>\u00a0<a href=\"https:\/\/www.instagram.com\/explore\/tags\/destinocalamuchita\/\">#DestinoCalamuchita<\/a>\u00a0<a href=\"https:\/\/www.instagram.com\/explore\/tags\/rosario\/\">#Rosario<\/a>\u00a0<a href=\"https:\/\/www.instagram.com\/explore\/tags\/c%C3%B3rdobaturismo\/\">#C\u00f3rdobaTurismo<\/a><\/p>\n","protected":false},"excerpt":{"rendered":"<p>La Comunidad Regional Calamuchita llev\u00f3 adelante una rueda de prensa en la ciudad de Rosario para seguir posicionando al valle como uno de los destinos m\u00e1s elegidos del pa\u00eds. En el bar Famiglia, frente al Monumento a la Bandera, directores y secretarios de Turismo presentaron a la prensa local las propuestas, servicios y la agenda [&hellip;]<\/p>\n","protected":false},"author":5,"featured_media":20326,"comment_status":"closed","ping_status":"open","sticky":false,"template":"","format":"standard","meta":{"tdm_status":"","tdm_grid_status":"","footnotes":""},"categories":[13],"tags":[6169,6170,163,441],"class_list":{"0":"post-20325","1":"post","2":"type-post","3":"status-publish","4":"format-standard","5":"has-post-thumbnail","7":"category-region","8":"tag-comunidad-regional-calamuchita","9":"tag-presentacion-temporada-2025-2026","10":"tag-rosario","11":"tag-turismo"},"_links":{"self":[{"href":"https:\/\/www.noticiasmas.com.ar\/index.php\/wp-json\/wp\/v2\/posts\/20325","targetHints":{"allow":["GET"]}}],"collection":[{"href":"https:\/\/www.noticiasmas.com.ar\/index.php\/wp-json\/wp\/v2\/posts"}],"about":[{"href":"https:\/\/www.noticiasmas.com.ar\/index.php\/wp-json\/wp\/v2\/types\/post"}],"author":[{"embeddable":true,"href":"https:\/\/www.noticiasmas.com.ar\/index.php\/wp-json\/wp\/v2\/users\/5"}],"replies":[{"embeddable":true,"href":"https:\/\/www.noticiasmas.com.ar\/index.php\/wp-json\/wp\/v2\/comments?post=20325"}],"version-history":[{"count":1,"href":"https:\/\/www.noticiasmas.com.ar\/index.php\/wp-json\/wp\/v2\/posts\/20325\/revisions"}],"predecessor-version":[{"id":20327,"href":"https:\/\/www.noticiasmas.com.ar\/index.php\/wp-json\/wp\/v2\/posts\/20325\/revisions\/20327"}],"wp:featuredmedia":[{"embeddable":true,"href":"https:\/\/www.noticiasmas.com.ar\/index.php\/wp-json\/wp\/v2\/media\/20326"}],"wp:attachment":[{"href":"https:\/\/www.noticiasmas.com.ar\/index.php\/wp-json\/wp\/v2\/media?parent=20325"}],"wp:term":[{"taxonomy":"category","embeddable":true,"href":"https:\/\/www.noticiasmas.com.ar\/index.php\/wp-json\/wp\/v2\/categories?post=20325"},{"taxonomy":"post_tag","embeddable":true,"href":"https:\/\/www.noticiasmas.com.ar\/index.php\/wp-json\/wp\/v2\/tags?post=20325"}],"curies":[{"name":"wp","href":"https:\/\/api.w.org\/{rel}","templated":true}]}}