{"id":20358,"date":"2025-12-22T20:35:12","date_gmt":"2025-12-22T23:35:12","guid":{"rendered":"https:\/\/www.noticiasmas.com.ar\/?p=20358"},"modified":"2025-12-22T20:35:18","modified_gmt":"2025-12-22T23:35:18","slug":"los-aceiteros-proponen-la-huelga-para-frenar-la-reforma-laboral","status":"publish","type":"post","link":"https:\/\/www.noticiasmas.com.ar\/index.php\/2025\/12\/22\/los-aceiteros-proponen-la-huelga-para-frenar-la-reforma-laboral\/","title":{"rendered":"LOS ACEITEROS PROPONEN LA HUELGA PARA FRENAR LA REFORMA LABORAL"},"content":{"rendered":"\n<p>Daniel Yofra: \u201cVamos a fortalecer la conducci\u00f3n de esta Federaci\u00f3n para protegernos de la reforma laboral con la que nos atacan el gobierno y las patronales\u201d.<\/p>\n\n\n\n<p>El Secretario General de la Federaci\u00f3n Aceitera y Desmotadora de Algod\u00f3n (FTCIODyARA), Daniel Yofra, ratific\u00f3 la decisi\u00f3n de \u201cllevar adelante medidas de fuerza para frenar la regresiva reforma laboral con la que intentan hacer retroceder 200 a\u00f1os los derechos laborales\u201d y se\u00f1al\u00f3: \u201cOjal\u00e1 que la movilizaci\u00f3n de la CGT sea el punto de partida para un plan de lucha que enfrente a este gobierno que lleg\u00f3 para hacerle la guerra a la clase trabajadora y a los jubilados. No va alcanzar con el di\u00e1logo ni con una movilizaci\u00f3n. Hay que hacer huelga\u201d.<\/p>\n\n\n\n<p>El Secretario General de la Federaci\u00f3n Aceitera Nacional sent\u00f3 dicha posici\u00f3n luego de presentar la Lista Azul para renovar su mandato al frente de la conducci\u00f3n de la Federaci\u00f3n junto a representantes de la mayor\u00eda de los sindicatos que conforman la organizaci\u00f3n nacional.<\/p>\n\n\n\n<p>\u201cEstamos haciendo asambleas para concientizar a las y los compa\u00f1eros. Vamos a hacer todo lo que sea necesario para que los legisladores no aprueben la regresiva reforma laboral que viene a sacarnos derechos a las y los trabajadores y, principalmente, a destruir las organizaciones sindicales, que son las que nos permitieron tener los derechos que tenemos\u201d.<\/p>\n\n\n\n<p>Y,- continu\u00f3 &#8211; como ejemplo, tenemos nuestra propia historia: \u201cSin la organizaci\u00f3n sindical y sin la huelga como herramienta de lucha nunca hubi\u00e9ramos logrado salarios que nos permitan vivir dignamente y seguiriamos cobrando salarios de pobreza\u201d, sostuvo Yofra luego de presentar la Lista Azul, la \u00fanica lista para la elecci\u00f3n general de autoridades de la Federaci\u00f3n.<\/p>\n\n\n\n<p>La presentaci\u00f3n se realiz\u00f3 el mi\u00e9rcoles 17 de diciembre a las 24 horas, cuando cerr\u00f3 el plazo para la oficializaci\u00f3n de listas de candidatos ante la Junta Electoral. La \u00fanica lista que se present\u00f3 est\u00e1 encabezada por Yofra y las elecciones se realizar\u00e1n el pr\u00f3ximo 5 de marzo de 2026 mediante el voto directo y secreto de todas y todos los afiliados en 51 urnas distribuidas en todo el pa\u00eds.<\/p>\n\n\n\n<p>\u201cQuiero agradecer a la Junta Electoral por su trabajo realizado con conciencia y compromiso a lo largo de cinco semanas, y a los compa\u00f1eros que integran la Lista Azul. Juntos lucharemos por defender todo lo que hemos logrado en estos 20 a\u00f1os: el Salario M\u00ednimo Vital y M\u00f3vil, la profundizaci\u00f3n de la democracia sindical, los Comit\u00e9s Mixtos y todos y cada uno de nuestros derechos laborales\u201d.<\/p>\n","protected":false},"excerpt":{"rendered":"<p>Daniel Yofra: \u201cVamos a fortalecer la conducci\u00f3n de esta Federaci\u00f3n para protegernos de la reforma laboral con la que nos atacan el gobierno y las patronales\u201d. El Secretario General de la Federaci\u00f3n Aceitera y Desmotadora de Algod\u00f3n (FTCIODyARA), Daniel Yofra, ratific\u00f3 la decisi\u00f3n de \u201cllevar adelante medidas de fuerza para frenar la regresiva reforma laboral [&hellip;]<\/p>\n","protected":false},"author":5,"featured_media":20359,"comment_status":"closed","ping_status":"open","sticky":false,"template":"","format":"standard","meta":{"tdm_status":"","tdm_grid_status":"","footnotes":""},"categories":[13],"tags":[254,2803,4563,1441,163],"class_list":{"0":"post-20358","1":"post","2":"type-post","3":"status-publish","4":"format-standard","5":"has-post-thumbnail","7":"category-region","8":"tag-aceiteros","9":"tag-ftciodyara","10":"tag-huelga-nacional","11":"tag-reforma-laboral","12":"tag-rosario"},"_links":{"self":[{"href":"https:\/\/www.noticiasmas.com.ar\/index.php\/wp-json\/wp\/v2\/posts\/20358","targetHints":{"allow":["GET"]}}],"collection":[{"href":"https:\/\/www.noticiasmas.com.ar\/index.php\/wp-json\/wp\/v2\/posts"}],"about":[{"href":"https:\/\/www.noticiasmas.com.ar\/index.php\/wp-json\/wp\/v2\/types\/post"}],"author":[{"embeddable":true,"href":"https:\/\/www.noticiasmas.com.ar\/index.php\/wp-json\/wp\/v2\/users\/5"}],"replies":[{"embeddable":true,"href":"https:\/\/www.noticiasmas.com.ar\/index.php\/wp-json\/wp\/v2\/comments?post=20358"}],"version-history":[{"count":1,"href":"https:\/\/www.noticiasmas.com.ar\/index.php\/wp-json\/wp\/v2\/posts\/20358\/revisions"}],"predecessor-version":[{"id":20360,"href":"https:\/\/www.noticiasmas.com.ar\/index.php\/wp-json\/wp\/v2\/posts\/20358\/revisions\/20360"}],"wp:featuredmedia":[{"embeddable":true,"href":"https:\/\/www.noticiasmas.com.ar\/index.php\/wp-json\/wp\/v2\/media\/20359"}],"wp:attachment":[{"href":"https:\/\/www.noticiasmas.com.ar\/index.php\/wp-json\/wp\/v2\/media?parent=20358"}],"wp:term":[{"taxonomy":"category","embeddable":true,"href":"https:\/\/www.noticiasmas.com.ar\/index.php\/wp-json\/wp\/v2\/categories?post=20358"},{"taxonomy":"post_tag","embeddable":true,"href":"https:\/\/www.noticiasmas.com.ar\/index.php\/wp-json\/wp\/v2\/tags?post=20358"}],"curies":[{"name":"wp","href":"https:\/\/api.w.org\/{rel}","templated":true}]}}