{"id":20401,"date":"2025-12-24T10:50:07","date_gmt":"2025-12-24T13:50:07","guid":{"rendered":"https:\/\/www.noticiasmas.com.ar\/?p=20401"},"modified":"2025-12-24T10:50:11","modified_gmt":"2025-12-24T13:50:11","slug":"clima-en-noche-buena-la-inestabilidad-sigue-siendo-determinante","status":"publish","type":"post","link":"https:\/\/www.noticiasmas.com.ar\/index.php\/2025\/12\/24\/clima-en-noche-buena-la-inestabilidad-sigue-siendo-determinante\/","title":{"rendered":"Clima en Noche Buena: la inestabilidad sigue siendo determinante"},"content":{"rendered":"\n<p>Ante la inminencia de las celebraciones de Nochebuena, la gran inc\u00f3gnita sobre la ubicaci\u00f3n de la mesa navide\u00f1a encuentra respuesta en un pron\u00f3stico que sugiere cautela en toda la provincia de Santa Fe. <br><br>Para las regiones del sur y centro, seg\u00fan indicaron desde el Centro de Monitoreo Meteorol\u00f3gico y Clim\u00e1tico de Granadero Baigorria, se espera un escenario de inestabilidad que obligar\u00e1 a los comensales a estar atentos, ya que no se descartan lluvias o tormentas aisladas durante la noche, la medianoche y las primeras horas de la madrugada del 25. <\/p>\n\n\n\n<p>A este panorama se sumar\u00e1 una rotaci\u00f3n del viento hacia el sector sur, con r\u00e1fagas que podr\u00edan superar localmente los 40 kil\u00f3metros por hora, por lo que la recomendaci\u00f3n principal es preparar una mesa de f\u00e1cil traslado o directamente optar por el interior del hogar para evitar contratiempos de \u00faltimo momento.<\/p>\n\n\n\n<p>En el norte provincial, las condiciones se presentan algo m\u00e1s favorables para el inicio de los festejos, aunque el alivio ser\u00e1 temporario. Las autoridades meteorol\u00f3gicas anticipan que hacia las \u00faltimas horas de la madrugada podr\u00edan desarrollarse algunas tormentas, lo que permite planificar el brindis al aire libre pero con el compromiso de trasladar todo al interior poco despu\u00e9s del inicio del nuevo d\u00eda. Para mayor seguridad, se mantendr\u00e1 una vigilancia constante y se emitir\u00e1n avisos sobre \u00e1reas de inestabilidad con la mayor antelaci\u00f3n posible para que ninguna familia se vea sorprendida por el agua.<\/p>\n\n\n\n<p>Finalmente, la jornada de Navidad traer\u00e1 el alivio esperado para quienes deseen continuar los festejos durante el d\u00eda. A partir del mediod\u00eda del 25 de diciembre, el tiempo mejorar\u00e1 sustancialmente en todo el territorio santafesino, permitiendo disfrutar de cualquier plan al aire libre bajo condiciones estables y con una leve brisa del sector sur que har\u00e1 la tarde mucho m\u00e1s agradable.<\/p>\n","protected":false},"excerpt":{"rendered":"<p>Ante la inminencia de las celebraciones de Nochebuena, la gran inc\u00f3gnita sobre la ubicaci\u00f3n de la mesa navide\u00f1a encuentra respuesta en un pron\u00f3stico que sugiere cautela en toda la provincia de Santa Fe. Para las regiones del sur y centro, seg\u00fan indicaron desde el Centro de Monitoreo Meteorol\u00f3gico y Clim\u00e1tico de Granadero Baigorria, se espera [&hellip;]<\/p>\n","protected":false},"author":9,"featured_media":20402,"comment_status":"closed","ping_status":"open","sticky":false,"template":"","format":"standard","meta":{"tdm_status":"","tdm_grid_status":"","footnotes":""},"categories":[13],"tags":[138,3623],"class_list":{"0":"post-20401","1":"post","2":"type-post","3":"status-publish","4":"format-standard","5":"has-post-thumbnail","7":"category-region","8":"tag-clima","9":"tag-noche-buena"},"_links":{"self":[{"href":"https:\/\/www.noticiasmas.com.ar\/index.php\/wp-json\/wp\/v2\/posts\/20401","targetHints":{"allow":["GET"]}}],"collection":[{"href":"https:\/\/www.noticiasmas.com.ar\/index.php\/wp-json\/wp\/v2\/posts"}],"about":[{"href":"https:\/\/www.noticiasmas.com.ar\/index.php\/wp-json\/wp\/v2\/types\/post"}],"author":[{"embeddable":true,"href":"https:\/\/www.noticiasmas.com.ar\/index.php\/wp-json\/wp\/v2\/users\/9"}],"replies":[{"embeddable":true,"href":"https:\/\/www.noticiasmas.com.ar\/index.php\/wp-json\/wp\/v2\/comments?post=20401"}],"version-history":[{"count":1,"href":"https:\/\/www.noticiasmas.com.ar\/index.php\/wp-json\/wp\/v2\/posts\/20401\/revisions"}],"predecessor-version":[{"id":20403,"href":"https:\/\/www.noticiasmas.com.ar\/index.php\/wp-json\/wp\/v2\/posts\/20401\/revisions\/20403"}],"wp:featuredmedia":[{"embeddable":true,"href":"https:\/\/www.noticiasmas.com.ar\/index.php\/wp-json\/wp\/v2\/media\/20402"}],"wp:attachment":[{"href":"https:\/\/www.noticiasmas.com.ar\/index.php\/wp-json\/wp\/v2\/media?parent=20401"}],"wp:term":[{"taxonomy":"category","embeddable":true,"href":"https:\/\/www.noticiasmas.com.ar\/index.php\/wp-json\/wp\/v2\/categories?post=20401"},{"taxonomy":"post_tag","embeddable":true,"href":"https:\/\/www.noticiasmas.com.ar\/index.php\/wp-json\/wp\/v2\/tags?post=20401"}],"curies":[{"name":"wp","href":"https:\/\/api.w.org\/{rel}","templated":true}]}}