{"id":20435,"date":"2025-12-28T21:14:14","date_gmt":"2025-12-29T00:14:14","guid":{"rendered":"https:\/\/www.noticiasmas.com.ar\/?p=20435"},"modified":"2025-12-28T21:14:18","modified_gmt":"2025-12-29T00:14:18","slug":"turismo-se-viene-la-fiesta-de-la-cosecha-de-la-lavanda","status":"publish","type":"post","link":"https:\/\/www.noticiasmas.com.ar\/index.php\/2025\/12\/28\/turismo-se-viene-la-fiesta-de-la-cosecha-de-la-lavanda\/","title":{"rendered":"TURISMO: SE VIENE LA FIESTA DE LA COSECHA DE LA LAVANDA"},"content":{"rendered":"\n<p>Desde la pintoresca localidad de Villa Yacanto de Calamuchita, los productores de la regi\u00f3n invitan a ser parte de la experiencia que significa la cosecha de una de las m\u00e1s cl\u00e1sicas arom\u00e1ticas que se conocen.<\/p>\n\n\n\n<p>Este evento es una propuesta diferente, pensada para quienes buscan vivencias aut\u00e9nticas en contacto con la naturaleza, donde los colores, los aromas y la calma del entorno serrano se combinan en una experiencia sensorial \u00fanica.<\/p>\n\n\n\n<p>Durante la Fiesta, los visitantes podr\u00e1n conocer las variedades de lavanda, vivir la cosecha y la destilaci\u00f3n en vivo, descubrir propiedades y usos de la lavanda y disfrutar de m\u00fasica, arte y productos elaborados con la bellas flores.<\/p>\n\n\n\n<p>La 5ta edici\u00f3n de la Fiesta de la Cosecha de la Lavanda, se realizar\u00e1 en Aromas del Cerro \u2013 Patio de Lavandas, en Villa Yacanto el pr\u00f3ximo 18 de enero y esta celebraci\u00f3n representa una oportunidad m\u00e1s para enriquecer la propuesta tur\u00edstica de la zona, sumando valor a la estad\u00eda de sus hu\u00e9spedes y ofreciendo una actividad distinta, ligada a la identidad local y a la producci\u00f3n artesanal.<\/p>\n\n\n\n<p>Aromas del Cerro \u2013 Patio de Lavandas<br>Villa Yacanto \u2013 Valle de Calamuchita<\/p>\n\n\n\n<p>Para informaci\u00f3n<br>Stella 3546 400070<br>Laura 11 31677553<\/p>\n","protected":false},"excerpt":{"rendered":"<p>Desde la pintoresca localidad de Villa Yacanto de Calamuchita, los productores de la regi\u00f3n invitan a ser parte de la experiencia que significa la cosecha de una de las m\u00e1s cl\u00e1sicas arom\u00e1ticas que se conocen. Este evento es una propuesta diferente, pensada para quienes buscan vivencias aut\u00e9nticas en contacto con la naturaleza, donde los colores, [&hellip;]<\/p>\n","protected":false},"author":5,"featured_media":20436,"comment_status":"closed","ping_status":"open","sticky":false,"template":"","format":"standard","meta":{"tdm_status":"","tdm_grid_status":"","footnotes":""},"categories":[4],"tags":[6202,6203,976,441,6201,6200],"class_list":{"0":"post-20435","1":"post","2":"type-post","3":"status-publish","4":"format-standard","5":"has-post-thumbnail","7":"category-culturayespectaculos","8":"tag-5o-fiesta-de-la-cosecha-de-la-lavanda","9":"tag-aromas-del-cerro","10":"tag-cordoba","11":"tag-turismo","12":"tag-valle-de-calamuchita","13":"tag-villa-yacanto"},"_links":{"self":[{"href":"https:\/\/www.noticiasmas.com.ar\/index.php\/wp-json\/wp\/v2\/posts\/20435","targetHints":{"allow":["GET"]}}],"collection":[{"href":"https:\/\/www.noticiasmas.com.ar\/index.php\/wp-json\/wp\/v2\/posts"}],"about":[{"href":"https:\/\/www.noticiasmas.com.ar\/index.php\/wp-json\/wp\/v2\/types\/post"}],"author":[{"embeddable":true,"href":"https:\/\/www.noticiasmas.com.ar\/index.php\/wp-json\/wp\/v2\/users\/5"}],"replies":[{"embeddable":true,"href":"https:\/\/www.noticiasmas.com.ar\/index.php\/wp-json\/wp\/v2\/comments?post=20435"}],"version-history":[{"count":1,"href":"https:\/\/www.noticiasmas.com.ar\/index.php\/wp-json\/wp\/v2\/posts\/20435\/revisions"}],"predecessor-version":[{"id":20437,"href":"https:\/\/www.noticiasmas.com.ar\/index.php\/wp-json\/wp\/v2\/posts\/20435\/revisions\/20437"}],"wp:featuredmedia":[{"embeddable":true,"href":"https:\/\/www.noticiasmas.com.ar\/index.php\/wp-json\/wp\/v2\/media\/20436"}],"wp:attachment":[{"href":"https:\/\/www.noticiasmas.com.ar\/index.php\/wp-json\/wp\/v2\/media?parent=20435"}],"wp:term":[{"taxonomy":"category","embeddable":true,"href":"https:\/\/www.noticiasmas.com.ar\/index.php\/wp-json\/wp\/v2\/categories?post=20435"},{"taxonomy":"post_tag","embeddable":true,"href":"https:\/\/www.noticiasmas.com.ar\/index.php\/wp-json\/wp\/v2\/tags?post=20435"}],"curies":[{"name":"wp","href":"https:\/\/api.w.org\/{rel}","templated":true}]}}