{"id":20479,"date":"2026-01-04T21:00:16","date_gmt":"2026-01-05T00:00:16","guid":{"rendered":"https:\/\/www.noticiasmas.com.ar\/?p=20479"},"modified":"2026-01-04T21:00:24","modified_gmt":"2026-01-05T00:00:24","slug":"sutracovi-el-gremio-santafesino-exige-fortalecer-protocolos-de-seguridad-y-prevencion","status":"publish","type":"post","link":"https:\/\/www.noticiasmas.com.ar\/index.php\/2026\/01\/04\/sutracovi-el-gremio-santafesino-exige-fortalecer-protocolos-de-seguridad-y-prevencion\/","title":{"rendered":"SUTRACOVI: EL GREMIO SANTAFESINO EXIGE FORTALECER PROTOCOLOS DE SEGURIDAD Y PREVENCI\u00d3N"},"content":{"rendered":"\n<p>El Gremio santafesino de peajes, Sutracovi expres\u00f3 su profundo dolor y solidaridad con la familia del trabajador fallecido en C\u00f3rdoba tras feroz temporal.<\/p>\n\n\n\n<p>La provincia de C\u00f3rdoba contin\u00faa consternada por una tragedia inesperada: Jorge Gianinetto, un trabajador de 61 a\u00f1os, muri\u00f3 aplastado por una cabina en el peaje Ju\u00e1rez Celman durante el feroz temporal de viento, lluvia y granizo que azot\u00f3 la zona en la siesta de este jueves. El Gremio santafesino, Sutracovi expres\u00f3 su profundo dolor y solidaridad con la familia.<\/p>\n\n\n\n<p>\u201cExpresamos nuestro m\u00e1s profundo dolor y solidaridad con la familia, seres queridos y compa\u00f1eros del trabajador del peaje fallecido este jueves 1 de enero en la Ruta Nacional 9 Norte, a la altura de Estaci\u00f3n Ju\u00e1rez Celman, provincia de C\u00f3rdoba, en el marco del violento temporal que azot\u00f3 la regi\u00f3n\u201d, indic\u00f3 el parte gremial.<\/p>\n\n\n\n<p>\u201cAcompa\u00f1amos con respeto este momento de inmenso dolor y hacemos extensivo nuestro apoyo a las y los trabajadores que resultaron heridos, deseando su pronta recuperaci\u00f3n. Este hecho enluta al conjunto de la comunidad trabajadora y conmueve a toda la poblaci\u00f3n\u201d, agreg\u00f3 el gremio de Trabajadores de peajes de Santa Fe.<\/p>\n\n\n\n<p>En el mismo orden, el Sutracovi sostuvo \u201ccon absoluta firmeza que la vida y la integridad de las y los trabajadores deben estar por encima\u201d.<\/p>\n\n\n\n<p>\u201cEste tr\u00e1gico episodio vuelve a poner en evidencia la urgente necesidad de fortalecer los protocolos de seguridad, la prevenci\u00f3n y las condiciones laborales, garantizando que el trabajo nunca implique poner en riesgo la vida\u201d, exigi\u00f3 el gremio.<\/p>\n\n\n\n<p><\/p>\n","protected":false},"excerpt":{"rendered":"<p>El Gremio santafesino de peajes, Sutracovi expres\u00f3 su profundo dolor y solidaridad con la familia del trabajador fallecido en C\u00f3rdoba tras feroz temporal. La provincia de C\u00f3rdoba contin\u00faa consternada por una tragedia inesperada: Jorge Gianinetto, un trabajador de 61 a\u00f1os, muri\u00f3 aplastado por una cabina en el peaje Ju\u00e1rez Celman durante el feroz temporal de [&hellip;]<\/p>\n","protected":false},"author":5,"featured_media":20480,"comment_status":"closed","ping_status":"open","sticky":false,"template":"","format":"standard","meta":{"tdm_status":"","tdm_grid_status":"","footnotes":""},"categories":[1],"tags":[324,976,6217,225,553],"class_list":{"0":"post-20479","1":"post","2":"type-post","3":"status-publish","4":"format-standard","5":"has-post-thumbnail","7":"category-nacionales","8":"tag-argentina","9":"tag-cordoba","10":"tag-fortalecer-protocolos","11":"tag-sutracovi","12":"tag-temporal"},"_links":{"self":[{"href":"https:\/\/www.noticiasmas.com.ar\/index.php\/wp-json\/wp\/v2\/posts\/20479","targetHints":{"allow":["GET"]}}],"collection":[{"href":"https:\/\/www.noticiasmas.com.ar\/index.php\/wp-json\/wp\/v2\/posts"}],"about":[{"href":"https:\/\/www.noticiasmas.com.ar\/index.php\/wp-json\/wp\/v2\/types\/post"}],"author":[{"embeddable":true,"href":"https:\/\/www.noticiasmas.com.ar\/index.php\/wp-json\/wp\/v2\/users\/5"}],"replies":[{"embeddable":true,"href":"https:\/\/www.noticiasmas.com.ar\/index.php\/wp-json\/wp\/v2\/comments?post=20479"}],"version-history":[{"count":1,"href":"https:\/\/www.noticiasmas.com.ar\/index.php\/wp-json\/wp\/v2\/posts\/20479\/revisions"}],"predecessor-version":[{"id":20481,"href":"https:\/\/www.noticiasmas.com.ar\/index.php\/wp-json\/wp\/v2\/posts\/20479\/revisions\/20481"}],"wp:featuredmedia":[{"embeddable":true,"href":"https:\/\/www.noticiasmas.com.ar\/index.php\/wp-json\/wp\/v2\/media\/20480"}],"wp:attachment":[{"href":"https:\/\/www.noticiasmas.com.ar\/index.php\/wp-json\/wp\/v2\/media?parent=20479"}],"wp:term":[{"taxonomy":"category","embeddable":true,"href":"https:\/\/www.noticiasmas.com.ar\/index.php\/wp-json\/wp\/v2\/categories?post=20479"},{"taxonomy":"post_tag","embeddable":true,"href":"https:\/\/www.noticiasmas.com.ar\/index.php\/wp-json\/wp\/v2\/tags?post=20479"}],"curies":[{"name":"wp","href":"https:\/\/api.w.org\/{rel}","templated":true}]}}