{"id":20520,"date":"2026-01-05T11:27:50","date_gmt":"2026-01-05T14:27:50","guid":{"rendered":"https:\/\/www.noticiasmas.com.ar\/?p=20520"},"modified":"2026-01-05T11:27:55","modified_gmt":"2026-01-05T14:27:55","slug":"fray-luis-beltran-comenzo-la-colonia-de-verano-en-el-campo-municipal","status":"publish","type":"post","link":"https:\/\/www.noticiasmas.com.ar\/index.php\/2026\/01\/05\/fray-luis-beltran-comenzo-la-colonia-de-verano-en-el-campo-municipal\/","title":{"rendered":"Fray Luis Beltr\u00e1n: Comenz\u00f3 la Colonia de Verano en el Campo Municipal"},"content":{"rendered":"\n<p>Con mucha alegr\u00eda, se dio inicio a la Colonia \/ Escuela de Verano en el Campo Municipal, con la presencia de los ni\u00f1os y ni\u00f1as, sus familias, y un gran equipo de trabajo conformado por 15 profesores y 3 guardavidas, que acompa\u00f1ar\u00e1n todas las actividades.<\/p>\n\n\n\n<p>Esta propuesta se desarrolla de manera conjunta entre el Gobierno de la Provincia de Santa Fe y la Municipalidad de Fray Luis Beltr\u00e1n, apostando al deporte, la recreaci\u00f3n y el bienestar de los m\u00e1s chicos.<\/p>\n\n\n\n<p>La colonia funcionar\u00e1 de lunes a viernes, con una amplia variedad de actividades recreativas, deportivas y educativas. Los participantes contar\u00e1n con desayuno y almuerzo.<\/p>\n\n\n\n<p>Canal de difusi\u00f3n para familias<br>Para mantener una comunicaci\u00f3n directa con madres, padres y tutores, se habilit\u00f3 el siguiente canal oficial de WhatsApp:<br><a href=\"https:\/\/whatsapp.com\/channel\/0029Vb6pnSvBadmgRMWrCP2u\">https:\/\/whatsapp.com\/channel\/0029Vb6pnSvBadmgRMWrCP2u<\/a><\/p>\n\n\n\n<p>Seguimos trabajando para que este verano sea un espacio de disfrute, aprendizaje y encuentro<\/p>\n","protected":false},"excerpt":{"rendered":"<p>Con mucha alegr\u00eda, se dio inicio a la Colonia \/ Escuela de Verano en el Campo Municipal, con la presencia de los ni\u00f1os y ni\u00f1as, sus familias, y un gran equipo de trabajo conformado por 15 profesores y 3 guardavidas, que acompa\u00f1ar\u00e1n todas las actividades. Esta propuesta se desarrolla de manera conjunta entre el Gobierno [&hellip;]<\/p>\n","protected":false},"author":5,"featured_media":20522,"comment_status":"closed","ping_status":"open","sticky":false,"template":"","format":"standard","meta":{"tdm_status":"","tdm_grid_status":"","footnotes":""},"categories":[13],"tags":[1521,149,335,6228,5511],"class_list":{"0":"post-20520","1":"post","2":"type-post","3":"status-publish","4":"format-standard","5":"has-post-thumbnail","7":"category-region","8":"tag-colonia-de-vacaciones","9":"tag-educacion","10":"tag-fray-luis-beltran","11":"tag-lunes-a-viernes","12":"tag-recreacion-y-deportes"},"_links":{"self":[{"href":"https:\/\/www.noticiasmas.com.ar\/index.php\/wp-json\/wp\/v2\/posts\/20520","targetHints":{"allow":["GET"]}}],"collection":[{"href":"https:\/\/www.noticiasmas.com.ar\/index.php\/wp-json\/wp\/v2\/posts"}],"about":[{"href":"https:\/\/www.noticiasmas.com.ar\/index.php\/wp-json\/wp\/v2\/types\/post"}],"author":[{"embeddable":true,"href":"https:\/\/www.noticiasmas.com.ar\/index.php\/wp-json\/wp\/v2\/users\/5"}],"replies":[{"embeddable":true,"href":"https:\/\/www.noticiasmas.com.ar\/index.php\/wp-json\/wp\/v2\/comments?post=20520"}],"version-history":[{"count":1,"href":"https:\/\/www.noticiasmas.com.ar\/index.php\/wp-json\/wp\/v2\/posts\/20520\/revisions"}],"predecessor-version":[{"id":20523,"href":"https:\/\/www.noticiasmas.com.ar\/index.php\/wp-json\/wp\/v2\/posts\/20520\/revisions\/20523"}],"wp:featuredmedia":[{"embeddable":true,"href":"https:\/\/www.noticiasmas.com.ar\/index.php\/wp-json\/wp\/v2\/media\/20522"}],"wp:attachment":[{"href":"https:\/\/www.noticiasmas.com.ar\/index.php\/wp-json\/wp\/v2\/media?parent=20520"}],"wp:term":[{"taxonomy":"category","embeddable":true,"href":"https:\/\/www.noticiasmas.com.ar\/index.php\/wp-json\/wp\/v2\/categories?post=20520"},{"taxonomy":"post_tag","embeddable":true,"href":"https:\/\/www.noticiasmas.com.ar\/index.php\/wp-json\/wp\/v2\/tags?post=20520"}],"curies":[{"name":"wp","href":"https:\/\/api.w.org\/{rel}","templated":true}]}}