{"id":20531,"date":"2026-01-05T12:12:19","date_gmt":"2026-01-05T15:12:19","guid":{"rendered":"https:\/\/www.noticiasmas.com.ar\/?p=20531"},"modified":"2026-01-05T12:12:24","modified_gmt":"2026-01-05T15:12:24","slug":"narcoterrorismo-un-invento-estadounidense","status":"publish","type":"post","link":"https:\/\/www.noticiasmas.com.ar\/index.php\/2026\/01\/05\/narcoterrorismo-un-invento-estadounidense\/","title":{"rendered":"Narcoterrorismo, un invento estadounidense"},"content":{"rendered":"\n<p>Opini\u00f3n &#8211; por Carlos Del Frade<\/p>\n\n\n\n<p>El narcoterrorismo es una invenci\u00f3n de Estados Unidos, de su llamada ciencia militar, el sujeto a combatir desde la construcci\u00f3n de la doctrina de seguridad continental que sigui\u00f3 a la doctrina de seguridad nacional que impuls\u00f3 los genocidios en Am\u00e9rica, entre ellos el de hace medio siglo aqu\u00ed en la Argentina. <\/p>\n\n\n\n<p>Los intereses militares y empresariales estadounidenses a trav\u00e9s de la DEA comenzaron a regular qu\u00e9 carteles iban a ser los m\u00e1s beneficiados por protecci\u00f3n y permisos para exportar a distintos lugares del mundo, entre ellos el propio pa\u00eds del norte.<\/p>\n\n\n\n<p>Desde Pablo Escobar Gaviria al Chapo Guzm\u00e1n, desde Roberto Su\u00e1rez G\u00f3mez (el iniciador de los grandes cargamentos desde Bolivia) a las maras salvadore\u00f1as, todos ellos fueron impulsados y luego abandonados por los nichos corruptos del estado m\u00e1s asesino de la historia humana como el norteamericano.<\/p>\n\n\n\n<p>Pero adem\u00e1s del negocio, el narcoterrorismo sirve de excusa para invadir pa\u00edses, democratizar el miedo y hacer de gobiernos t\u00edteres como el de Javier Milei las puntas de lanza para meter a las fuerzas armadas para generar miedo y control social. Ojal\u00e1 esta mirada se tenga en cuenta porque es la conclusi\u00f3n de treinta a\u00f1os de estudio.<\/p>\n","protected":false},"excerpt":{"rendered":"<p>Opini\u00f3n &#8211; por Carlos Del Frade El narcoterrorismo es una invenci\u00f3n de Estados Unidos, de su llamada ciencia militar, el sujeto a combatir desde la construcci\u00f3n de la doctrina de seguridad continental que sigui\u00f3 a la doctrina de seguridad nacional que impuls\u00f3 los genocidios en Am\u00e9rica, entre ellos el de hace medio siglo aqu\u00ed en [&hellip;]<\/p>\n","protected":false},"author":5,"featured_media":11486,"comment_status":"closed","ping_status":"open","sticky":false,"template":"","format":"standard","meta":{"tdm_status":"","tdm_grid_status":"","footnotes":""},"categories":[8],"tags":[994,1916,2148],"class_list":{"0":"post-20531","1":"post","2":"type-post","3":"status-publish","4":"format-standard","5":"has-post-thumbnail","7":"category-politica","8":"tag-carlos-del-frade","9":"tag-narcoterrorismo","10":"tag-opinion"},"_links":{"self":[{"href":"https:\/\/www.noticiasmas.com.ar\/index.php\/wp-json\/wp\/v2\/posts\/20531","targetHints":{"allow":["GET"]}}],"collection":[{"href":"https:\/\/www.noticiasmas.com.ar\/index.php\/wp-json\/wp\/v2\/posts"}],"about":[{"href":"https:\/\/www.noticiasmas.com.ar\/index.php\/wp-json\/wp\/v2\/types\/post"}],"author":[{"embeddable":true,"href":"https:\/\/www.noticiasmas.com.ar\/index.php\/wp-json\/wp\/v2\/users\/5"}],"replies":[{"embeddable":true,"href":"https:\/\/www.noticiasmas.com.ar\/index.php\/wp-json\/wp\/v2\/comments?post=20531"}],"version-history":[{"count":1,"href":"https:\/\/www.noticiasmas.com.ar\/index.php\/wp-json\/wp\/v2\/posts\/20531\/revisions"}],"predecessor-version":[{"id":20532,"href":"https:\/\/www.noticiasmas.com.ar\/index.php\/wp-json\/wp\/v2\/posts\/20531\/revisions\/20532"}],"wp:featuredmedia":[{"embeddable":true,"href":"https:\/\/www.noticiasmas.com.ar\/index.php\/wp-json\/wp\/v2\/media\/11486"}],"wp:attachment":[{"href":"https:\/\/www.noticiasmas.com.ar\/index.php\/wp-json\/wp\/v2\/media?parent=20531"}],"wp:term":[{"taxonomy":"category","embeddable":true,"href":"https:\/\/www.noticiasmas.com.ar\/index.php\/wp-json\/wp\/v2\/categories?post=20531"},{"taxonomy":"post_tag","embeddable":true,"href":"https:\/\/www.noticiasmas.com.ar\/index.php\/wp-json\/wp\/v2\/tags?post=20531"}],"curies":[{"name":"wp","href":"https:\/\/api.w.org\/{rel}","templated":true}]}}