{"id":20556,"date":"2026-01-06T18:23:02","date_gmt":"2026-01-06T21:23:02","guid":{"rendered":"https:\/\/www.noticiasmas.com.ar\/?p=20556"},"modified":"2026-01-06T18:23:06","modified_gmt":"2026-01-06T21:23:06","slug":"ultrafibra-anuncia-la-duplicacion-de-velocidades-sin-incremento-de-tarifas","status":"publish","type":"post","link":"https:\/\/www.noticiasmas.com.ar\/index.php\/2026\/01\/06\/ultrafibra-anuncia-la-duplicacion-de-velocidades-sin-incremento-de-tarifas\/","title":{"rendered":"ULTRAFIBRA ANUNCIA LA DUPLICACI\u00d3N DE VELOCIDADES SIN INCREMENTO DE TARIFAS"},"content":{"rendered":"\n<p>UltraFibra implementar\u00e1 desde enero una mejora integral en sus servicios de internet residencial, que permitir\u00e1 a todos sus clientes navegar al doble de velocidad sin que esto implique ning\u00fan aumento en el valor de sus abonos actuales.<\/p>\n\n\n\n<p>En este sentido, los planes se actualizar\u00e1n de la siguiente manera:<br>\u2022 quienes contaban con 100MB pasar\u00e1n a 200MB,<br>\u2022 los usuarios de 200MB comenzar\u00e1n a navegar con 400MB,<br>\u2022 y quienes ten\u00edan 300MB disfrutar\u00e1n de 600MB.<\/p>\n\n\n\n<p>La actualizaci\u00f3n ser\u00e1 autom\u00e1tica y no requerir\u00e1 ninguna gesti\u00f3n adicional por parte de los usuarios.<\/p>\n\n\n\n<p>Esta medida se enmarca en una estrategia de mejora continua, orientada a optimizar la experiencia de conexi\u00f3n, acompa\u00f1ar el crecimiento de la demanda digital de los hogares y fortalecer el acceso a servicios tecnol\u00f3gicos de calidad.<\/p>\n\n\n\n<p>Paralelamente, UltraFibra contin\u00faa desarrollando infraestructura y ampliando su cobertura en la regi\u00f3n, consolidando su presencia en nuevas \u00e1reas estrat\u00e9gicas. Durante 2025, la empresa avanz\u00f3 con importantes ampliaciones de red en las ciudades de Granadero Baigorria y Capit\u00e1n Berm\u00fadez, as\u00ed como tambi\u00e9n en la mayor\u00eda de las localidades de su zona de cobertura, fortaleciendo una red de fibra \u00f3ptica robusta, confiable y de alto rendimiento. Este crecimiento se sostiene sobre una pol\u00edtica de permanente inversi\u00f3n, est\u00e1ndares de calidad en la prestaci\u00f3n del servicio, soporte t\u00e9cnico postventa eficiente y m\u00faltiples canales de atenci\u00f3n \u2014presenciales y digitales\u2014 que garantizan una experiencia integral para sus clientes.<\/p>\n\n\n\n<p>\u201cQueremos que nuestros usuarios accedan a una mayor calidad de servicio sin pagar de m\u00e1s. Duplicar la velocidad sin aumentar el costo no es solo una mejora t\u00e9cnica, es una decisi\u00f3n que acompa\u00f1a el crecimiento de nuestras comunidades y promueve m\u00e1s oportunidades para estudiar, trabajar, emprender y disfrutar de mejores experiencias digitales\u201d,<strong> <\/strong>se\u00f1alaron desde la compa\u00f1\u00eda.<\/p>\n\n\n\n<p>Con este anuncio, Ultrafibra reafirma su liderazgo regional y consolida una pol\u00edtica de mejora continua que prioriza a sus clientes, garantizando m\u00e1s rendimiento, mayor calidad de conexi\u00f3n y el mismo precio.<\/p>\n","protected":false},"excerpt":{"rendered":"<p>UltraFibra implementar\u00e1 desde enero una mejora integral en sus servicios de internet residencial, que permitir\u00e1 a todos sus clientes navegar al doble de velocidad sin que esto implique ning\u00fan aumento en el valor de sus abonos actuales. En este sentido, los planes se actualizar\u00e1n de la siguiente manera:\u2022 quienes contaban con 100MB pasar\u00e1n a 200MB,\u2022 [&hellip;]<\/p>\n","protected":false},"author":5,"featured_media":20557,"comment_status":"closed","ping_status":"open","sticky":false,"template":"","format":"standard","meta":{"tdm_status":"","tdm_grid_status":"","footnotes":""},"categories":[13],"tags":[1061,6241,6240,4550],"class_list":{"0":"post-20556","1":"post","2":"type-post","3":"status-publish","4":"format-standard","5":"has-post-thumbnail","7":"category-region","8":"tag-cordon-industrial","9":"tag-internet-residencial","10":"tag-mayor-velocidad-al-mismo-precio","11":"tag-ultra-fibra"},"_links":{"self":[{"href":"https:\/\/www.noticiasmas.com.ar\/index.php\/wp-json\/wp\/v2\/posts\/20556","targetHints":{"allow":["GET"]}}],"collection":[{"href":"https:\/\/www.noticiasmas.com.ar\/index.php\/wp-json\/wp\/v2\/posts"}],"about":[{"href":"https:\/\/www.noticiasmas.com.ar\/index.php\/wp-json\/wp\/v2\/types\/post"}],"author":[{"embeddable":true,"href":"https:\/\/www.noticiasmas.com.ar\/index.php\/wp-json\/wp\/v2\/users\/5"}],"replies":[{"embeddable":true,"href":"https:\/\/www.noticiasmas.com.ar\/index.php\/wp-json\/wp\/v2\/comments?post=20556"}],"version-history":[{"count":1,"href":"https:\/\/www.noticiasmas.com.ar\/index.php\/wp-json\/wp\/v2\/posts\/20556\/revisions"}],"predecessor-version":[{"id":20558,"href":"https:\/\/www.noticiasmas.com.ar\/index.php\/wp-json\/wp\/v2\/posts\/20556\/revisions\/20558"}],"wp:featuredmedia":[{"embeddable":true,"href":"https:\/\/www.noticiasmas.com.ar\/index.php\/wp-json\/wp\/v2\/media\/20557"}],"wp:attachment":[{"href":"https:\/\/www.noticiasmas.com.ar\/index.php\/wp-json\/wp\/v2\/media?parent=20556"}],"wp:term":[{"taxonomy":"category","embeddable":true,"href":"https:\/\/www.noticiasmas.com.ar\/index.php\/wp-json\/wp\/v2\/categories?post=20556"},{"taxonomy":"post_tag","embeddable":true,"href":"https:\/\/www.noticiasmas.com.ar\/index.php\/wp-json\/wp\/v2\/tags?post=20556"}],"curies":[{"name":"wp","href":"https:\/\/api.w.org\/{rel}","templated":true}]}}