{"id":20575,"date":"2026-01-07T08:21:25","date_gmt":"2026-01-07T11:21:25","guid":{"rendered":"https:\/\/www.noticiasmas.com.ar\/?p=20575"},"modified":"2026-01-07T08:21:29","modified_gmt":"2026-01-07T11:21:29","slug":"nacion-confirmo-el-calendario-escolar-y-el-receso-invernal-en-cada-provincia","status":"publish","type":"post","link":"https:\/\/www.noticiasmas.com.ar\/index.php\/2026\/01\/07\/nacion-confirmo-el-calendario-escolar-y-el-receso-invernal-en-cada-provincia\/","title":{"rendered":"Naci\u00f3n confirm\u00f3 el calendario escolar y el receso invernal en cada provincia"},"content":{"rendered":"\n<p>El Ministerio de Capital Humano oficializ\u00f3 el calendario escolar 2026 en todo el pa\u00eds, donde establece el inicio del ciclo lectivo, el receso invernal y la finalizaci\u00f3n de clases en cada jurisdicci\u00f3n.<\/p>\n\n\n\n<p>Comienzo del ciclo lectivo<br>Algunas provincias iniciar\u00e1n las clases el 23, 24 o 25 de febrero, entre ellas CABA, Chubut, Jujuy, Mendoza, Neuqu\u00e9n, San Luis, Santa Cruz y Tierra del Fuego. Santiago del Estero ser\u00e1 la primera en arrancar, el 18 de febrero, mientras que la mayor\u00eda de las jurisdicciones, como Santa Fe, Buenos Aires y C\u00f3rdoba, comenzar\u00e1n el 2 de marzo.<\/p>\n\n\n\n<p>En la provincia de Santa Fe, el ciclo lectivo 2026 dar\u00e1 inicio el 2 de marzo, al igual que Buenos Aires, Catamarca, Chaco, Corrientes, Entre R\u00edos, Formosa, La Pampa, La Rioja, R\u00edo Negro, Salta, San Juan y Tucum\u00e1n.<\/p>\n\n\n\n<p><strong>Receso invernal<\/strong><br>Algunas provincias -entre ellas Santa Fe, C\u00f3rdoba, Entre R\u00edos, San Juan, San Luis y Mendoza- tendr\u00e1n vacaciones de invierno del 6 al 17 de julio. Otras, del 13 al 24 de julio, mientras que Buenos Aires, CABA, Chaco y Santiago del Estero fijaron el receso del 20 al 31 de julio.<\/p>\n\n\n\n<p>Estas diferencias responden a criterios clim\u00e1ticos, tur\u00edsticos y organizativos definidos por cada jurisdicci\u00f3n en coordinaci\u00f3n con el Consejo Federal de Educaci\u00f3n.<\/p>\n\n\n\n<p><strong>Fin del ciclo lectivo<\/strong><br>En Santa Fe, el calendario prev\u00e9 la finalizaci\u00f3n de las clases el 18 de diciembre, cumpliendo con el objetivo de garantizar los 190 d\u00edas de clase establecidos a nivel nacional.<\/p>\n\n\n\n<p>En la mayor\u00eda de las provincias, las clases finalizar\u00e1n el 18 de diciembre de 2026. Pero Buenos Aires y Mendoza extender\u00e1n el calendario hasta el 22 de diciembre, mientras que La Pampa lo har\u00e1 hasta el 23 de diciembre. Formosa concluir\u00e1 el ciclo el 17 de diciembre.<\/p>\n","protected":false},"excerpt":{"rendered":"<p>El Ministerio de Capital Humano oficializ\u00f3 el calendario escolar 2026 en todo el pa\u00eds, donde establece el inicio del ciclo lectivo, el receso invernal y la finalizaci\u00f3n de clases en cada jurisdicci\u00f3n. Comienzo del ciclo lectivoAlgunas provincias iniciar\u00e1n las clases el 23, 24 o 25 de febrero, entre ellas CABA, Chubut, Jujuy, Mendoza, Neuqu\u00e9n, San [&hellip;]<\/p>\n","protected":false},"author":8,"featured_media":20576,"comment_status":"closed","ping_status":"open","sticky":false,"template":"","format":"standard","meta":{"tdm_status":"","tdm_grid_status":"","footnotes":""},"categories":[1],"tags":[3729,3324,149,18],"class_list":{"0":"post-20575","1":"post","2":"type-post","3":"status-publish","4":"format-standard","5":"has-post-thumbnail","7":"category-nacionales","8":"tag-calendario-escolar","9":"tag-capital-humano","10":"tag-educacion","11":"tag-santa-fe"},"_links":{"self":[{"href":"https:\/\/www.noticiasmas.com.ar\/index.php\/wp-json\/wp\/v2\/posts\/20575","targetHints":{"allow":["GET"]}}],"collection":[{"href":"https:\/\/www.noticiasmas.com.ar\/index.php\/wp-json\/wp\/v2\/posts"}],"about":[{"href":"https:\/\/www.noticiasmas.com.ar\/index.php\/wp-json\/wp\/v2\/types\/post"}],"author":[{"embeddable":true,"href":"https:\/\/www.noticiasmas.com.ar\/index.php\/wp-json\/wp\/v2\/users\/8"}],"replies":[{"embeddable":true,"href":"https:\/\/www.noticiasmas.com.ar\/index.php\/wp-json\/wp\/v2\/comments?post=20575"}],"version-history":[{"count":1,"href":"https:\/\/www.noticiasmas.com.ar\/index.php\/wp-json\/wp\/v2\/posts\/20575\/revisions"}],"predecessor-version":[{"id":20577,"href":"https:\/\/www.noticiasmas.com.ar\/index.php\/wp-json\/wp\/v2\/posts\/20575\/revisions\/20577"}],"wp:featuredmedia":[{"embeddable":true,"href":"https:\/\/www.noticiasmas.com.ar\/index.php\/wp-json\/wp\/v2\/media\/20576"}],"wp:attachment":[{"href":"https:\/\/www.noticiasmas.com.ar\/index.php\/wp-json\/wp\/v2\/media?parent=20575"}],"wp:term":[{"taxonomy":"category","embeddable":true,"href":"https:\/\/www.noticiasmas.com.ar\/index.php\/wp-json\/wp\/v2\/categories?post=20575"},{"taxonomy":"post_tag","embeddable":true,"href":"https:\/\/www.noticiasmas.com.ar\/index.php\/wp-json\/wp\/v2\/tags?post=20575"}],"curies":[{"name":"wp","href":"https:\/\/api.w.org\/{rel}","templated":true}]}}