{"id":20578,"date":"2026-01-07T08:37:11","date_gmt":"2026-01-07T11:37:11","guid":{"rendered":"https:\/\/www.noticiasmas.com.ar\/?p=20578"},"modified":"2026-01-07T08:37:15","modified_gmt":"2026-01-07T11:37:15","slug":"continuan-la-busqueda-del-menor-que-desaparecio-en-aguas-del-rio-parana","status":"publish","type":"post","link":"https:\/\/www.noticiasmas.com.ar\/index.php\/2026\/01\/07\/continuan-la-busqueda-del-menor-que-desaparecio-en-aguas-del-rio-parana\/","title":{"rendered":"Continuan la b\u00fasqueda del menor que desapareci\u00f3 en aguas del r\u00edo Paran\u00e1"},"content":{"rendered":"\n<p>Este mi\u00e9rcoles contin\u00faa la b\u00fasqueda del joven de 16 a\u00f1os de edad que se perdi\u00f3 en el r\u00edo en la localidad de Puerto General San Mart\u00edn. <\/p>\n\n\n\n<p>Alrededor de las 17:15 horas de este martes, el 106 de Prefectura recibi\u00f3 un aviso sobre la desaparici\u00f3n de un joven de 16 a\u00f1os, identificado como S. H., quien se habr\u00eda arrojado al r\u00edo en la zona conocida como la Bajada del Omb\u00fa y no volvi\u00f3 a emerger a la superficie. <\/p>\n\n\n\n<p>El menor tiene domicilio fijado en la calle Belgrano al 2900 de la misma ciudad y su paradero es actualmente el foco de un amplio despliegue de emergencia.<\/p>\n\n\n\n<p>El operativo de b\u00fasqueda estuvo encabezado por la Prefectura Naval Argentina bajo la direcci\u00f3n del Subprefecto Mirko G\u00f3mez Achon, jefe del CIPA de San Lorenzo. En una acci\u00f3n conjunta, el personal de la Polic\u00eda de Investigaciones y la Agrupaci\u00f3n de Bomberos Zapadores se constituyeron en el lugar para brindar colaboraci\u00f3n estrecha en las tareas de rastrillaje. La intervenci\u00f3n cont\u00f3 con la supervisi\u00f3n directa del Comisario Montoya, junto a la Jefa de Bomberos Zapadores de San Lorenzo, Comisario Natalia Irusta, y los subcomisarios Jos\u00e9 Fern\u00e1ndez y Edgardo Esp\u00edndola.<\/p>\n\n\n\n<p>Las tareas de inspecci\u00f3n en el espejo de agua y la zona costera se extendieron hasta pasadas las 21:00 horas, momento en que las unidades de rescate dieron por finalizada la jornada inicial de b\u00fasqueda. Antes de retirarse del sitio, los mandos policiales y de Prefectura coordinaron los protocolos de servicio que se implementar\u00e1n durante los d\u00edas siguientes. Se espera que los rastrillajes se retomen en las primeras horas de luz para intentar localizar al adolescente en este sector del lecho del r\u00edo Paran\u00e1.<\/p>\n","protected":false},"excerpt":{"rendered":"<p>Este mi\u00e9rcoles contin\u00faa la b\u00fasqueda del joven de 16 a\u00f1os de edad que se perdi\u00f3 en el r\u00edo en la localidad de Puerto General San Mart\u00edn. Alrededor de las 17:15 horas de este martes, el 106 de Prefectura recibi\u00f3 un aviso sobre la desaparici\u00f3n de un joven de 16 a\u00f1os, identificado como S. H., quien [&hellip;]<\/p>\n","protected":false},"author":9,"featured_media":20579,"comment_status":"closed","ping_status":"open","sticky":false,"template":"","format":"standard","meta":{"tdm_status":"","tdm_grid_status":"","footnotes":""},"categories":[9],"tags":[3165,52,70],"class_list":{"0":"post-20578","1":"post","2":"type-post","3":"status-publish","4":"format-standard","5":"has-post-thumbnail","7":"category-policiales","8":"tag-prefectura","9":"tag-puerto-san-martin","10":"tag-rio-parana"},"_links":{"self":[{"href":"https:\/\/www.noticiasmas.com.ar\/index.php\/wp-json\/wp\/v2\/posts\/20578","targetHints":{"allow":["GET"]}}],"collection":[{"href":"https:\/\/www.noticiasmas.com.ar\/index.php\/wp-json\/wp\/v2\/posts"}],"about":[{"href":"https:\/\/www.noticiasmas.com.ar\/index.php\/wp-json\/wp\/v2\/types\/post"}],"author":[{"embeddable":true,"href":"https:\/\/www.noticiasmas.com.ar\/index.php\/wp-json\/wp\/v2\/users\/9"}],"replies":[{"embeddable":true,"href":"https:\/\/www.noticiasmas.com.ar\/index.php\/wp-json\/wp\/v2\/comments?post=20578"}],"version-history":[{"count":1,"href":"https:\/\/www.noticiasmas.com.ar\/index.php\/wp-json\/wp\/v2\/posts\/20578\/revisions"}],"predecessor-version":[{"id":20580,"href":"https:\/\/www.noticiasmas.com.ar\/index.php\/wp-json\/wp\/v2\/posts\/20578\/revisions\/20580"}],"wp:featuredmedia":[{"embeddable":true,"href":"https:\/\/www.noticiasmas.com.ar\/index.php\/wp-json\/wp\/v2\/media\/20579"}],"wp:attachment":[{"href":"https:\/\/www.noticiasmas.com.ar\/index.php\/wp-json\/wp\/v2\/media?parent=20578"}],"wp:term":[{"taxonomy":"category","embeddable":true,"href":"https:\/\/www.noticiasmas.com.ar\/index.php\/wp-json\/wp\/v2\/categories?post=20578"},{"taxonomy":"post_tag","embeddable":true,"href":"https:\/\/www.noticiasmas.com.ar\/index.php\/wp-json\/wp\/v2\/tags?post=20578"}],"curies":[{"name":"wp","href":"https:\/\/api.w.org\/{rel}","templated":true}]}}