{"id":20592,"date":"2026-01-08T09:25:38","date_gmt":"2026-01-08T12:25:38","guid":{"rendered":"https:\/\/www.noticiasmas.com.ar\/?p=20592"},"modified":"2026-01-08T09:25:41","modified_gmt":"2026-01-08T12:25:41","slug":"buscaban-en-rosario-a-un-peligroso-profugo-de-la-justicia-pero-hacia-dias-estaba-detenido-en-cordoba","status":"publish","type":"post","link":"https:\/\/www.noticiasmas.com.ar\/index.php\/2026\/01\/08\/buscaban-en-rosario-a-un-peligroso-profugo-de-la-justicia-pero-hacia-dias-estaba-detenido-en-cordoba\/","title":{"rendered":"Buscaban en Rosario a un peligroso pr\u00f3fugo de la Justicia pero hacia d\u00edas estaba detenido en C\u00f3rdoba"},"content":{"rendered":"\n<p>La Fiscal\u00eda Regional 2 de Rosario ha informado que Josu\u00e9 Alexis Urquia, de 32 a\u00f1os de edad, se encuentra actualmente detenido bajo la \u00f3rbita del servicio penitenciario de la Provincia de C\u00f3rdoba, pese a que desde hace 48 horas se hab\u00eda emitido una solicitud de paradero por su peligroso prontuario.<\/p>\n\n\n\n<p>Este pedido de captura comenz\u00f3 tras un hecho de robo ocurrido el pasado martes 30 de diciembre de 2025 en un local comercial de la calle Mendoza al 3300, en Rosario. En aquella ocasi\u00f3n, el sospechoso ingres\u00f3 al establecimiento simulando ser un cliente para luego agredir a una empleada y sustraer diversas pertenencias. Adem\u00e1s de una importante golpiza hacia la v\u00edctima, el ladr\u00f3n la mordi\u00f3 antes de perpetrar el robo y escapar.<\/p>\n\n\n\n<p>Desde ese momento, el fiscal Ramiro Gonz\u00e1lez Raggio, con el relevamiento de las c\u00e1maras de seguridad y la informaci\u00f3n centralizada policial, identific\u00f3 a Urquia y corrobor\u00f3 su frondoso prontuario, que inclu\u00eda delitos en al menos tres provincias y una condena activida por un hecho de robo.<\/p>\n\n\n\n<p>Pese a las alertas emitidas y la b\u00fasqueda que se llev\u00f3 adelante durante toda la primera semana de este 2026, en el d\u00eda de ayer, la Polic\u00eda de C\u00f3rdoba inform\u00f3 que esta persona se encontraba detenido. <\/p>\n\n\n\n<p>Tras tomar conocimiento de su situaci\u00f3n, se han iniciado los tr\u00e1mites pertinentes para el traslado del detenido a la ciudad de Rosario, donde ser\u00e1 sometido a una audiencia imputativa en el Centro de Justicia Penal.<\/p>\n","protected":false},"excerpt":{"rendered":"<p>La Fiscal\u00eda Regional 2 de Rosario ha informado que Josu\u00e9 Alexis Urquia, de 32 a\u00f1os de edad, se encuentra actualmente detenido bajo la \u00f3rbita del servicio penitenciario de la Provincia de C\u00f3rdoba, pese a que desde hace 48 horas se hab\u00eda emitido una solicitud de paradero por su peligroso prontuario. Este pedido de captura comenz\u00f3 [&hellip;]<\/p>\n","protected":false},"author":9,"featured_media":20593,"comment_status":"closed","ping_status":"open","sticky":false,"template":"","format":"standard","meta":{"tdm_status":"","tdm_grid_status":"","footnotes":""},"categories":[9],"tags":[976,158,163],"class_list":{"0":"post-20592","1":"post","2":"type-post","3":"status-publish","4":"format-standard","5":"has-post-thumbnail","7":"category-policiales","8":"tag-cordoba","9":"tag-fiscalia","10":"tag-rosario"},"_links":{"self":[{"href":"https:\/\/www.noticiasmas.com.ar\/index.php\/wp-json\/wp\/v2\/posts\/20592","targetHints":{"allow":["GET"]}}],"collection":[{"href":"https:\/\/www.noticiasmas.com.ar\/index.php\/wp-json\/wp\/v2\/posts"}],"about":[{"href":"https:\/\/www.noticiasmas.com.ar\/index.php\/wp-json\/wp\/v2\/types\/post"}],"author":[{"embeddable":true,"href":"https:\/\/www.noticiasmas.com.ar\/index.php\/wp-json\/wp\/v2\/users\/9"}],"replies":[{"embeddable":true,"href":"https:\/\/www.noticiasmas.com.ar\/index.php\/wp-json\/wp\/v2\/comments?post=20592"}],"version-history":[{"count":1,"href":"https:\/\/www.noticiasmas.com.ar\/index.php\/wp-json\/wp\/v2\/posts\/20592\/revisions"}],"predecessor-version":[{"id":20594,"href":"https:\/\/www.noticiasmas.com.ar\/index.php\/wp-json\/wp\/v2\/posts\/20592\/revisions\/20594"}],"wp:featuredmedia":[{"embeddable":true,"href":"https:\/\/www.noticiasmas.com.ar\/index.php\/wp-json\/wp\/v2\/media\/20593"}],"wp:attachment":[{"href":"https:\/\/www.noticiasmas.com.ar\/index.php\/wp-json\/wp\/v2\/media?parent=20592"}],"wp:term":[{"taxonomy":"category","embeddable":true,"href":"https:\/\/www.noticiasmas.com.ar\/index.php\/wp-json\/wp\/v2\/categories?post=20592"},{"taxonomy":"post_tag","embeddable":true,"href":"https:\/\/www.noticiasmas.com.ar\/index.php\/wp-json\/wp\/v2\/tags?post=20592"}],"curies":[{"name":"wp","href":"https:\/\/api.w.org\/{rel}","templated":true}]}}