{"id":20595,"date":"2026-01-08T09:52:41","date_gmt":"2026-01-08T12:52:41","guid":{"rendered":"https:\/\/www.noticiasmas.com.ar\/?p=20595"},"modified":"2026-01-08T09:52:45","modified_gmt":"2026-01-08T12:52:45","slug":"descendieron-por-segundo-ano-consecutivo-los-crimenes-en-el-departamento-san-lorenzo-pese-a-que-subieron-en-la-provincia","status":"publish","type":"post","link":"https:\/\/www.noticiasmas.com.ar\/index.php\/2026\/01\/08\/descendieron-por-segundo-ano-consecutivo-los-crimenes-en-el-departamento-san-lorenzo-pese-a-que-subieron-en-la-provincia\/","title":{"rendered":"Descendieron por segundo a\u00f1o consecutivo los cr\u00edmenes en el departamento San Lorenzo pese a que subieron en la provincia"},"content":{"rendered":"\n<p>Seg\u00fan el reciente informe del Observatorio de Seguridad P\u00fablica de la provincia de Santa Fe, el departamento San Lorenzo volvi\u00f3 a registrar un descenso de los cr\u00edmenes violentos durante el transcurso del pasado 2025. <\/p>\n\n\n\n<p>Seg\u00fan el informe elaborado por el Ministerio de Seguridad, en el a\u00f1o que se fue se registraron 10 homicidios en todo el departamento, tres menos que en 2024 y cinco menos que en 2022 y 2023. <\/p>\n\n\n\n<p>Esta estad\u00edstica regional contrasta con lo ocurrido a nivel provincial, en donde hubo un incremento de un 18% en los homicidios con respecto al 2024, pasando de 180 a 210, y teniendo un aumento sustancial en el departamento Rosario y m\u00e1s precisamente en la ciudad cabecera. <\/p>\n\n\n\n<p>En el desglose de los hechos identificados por el informe, casi la mitad de los asesinatos ocurri\u00f3 por una estricta relaci\u00f3n con organizaciones criminales (43% de los hechos), el 37% fue motivado por conflictos interpersonales y solamente el 8% fue en ocasi\u00f3n de robo. <\/p>\n\n\n\n<p>Los horarios de mayor actividad criminal fueron los lunes y martes despu\u00e9s de las 18 horas, mientras que 6 de cada 10 no contaron con planificaci\u00f3n previa. <\/p>\n\n\n\n<p><\/p>\n","protected":false},"excerpt":{"rendered":"<p>Seg\u00fan el reciente informe del Observatorio de Seguridad P\u00fablica de la provincia de Santa Fe, el departamento San Lorenzo volvi\u00f3 a registrar un descenso de los cr\u00edmenes violentos durante el transcurso del pasado 2025. Seg\u00fan el informe elaborado por el Ministerio de Seguridad, en el a\u00f1o que se fue se registraron 10 homicidios en todo [&hellip;]<\/p>\n","protected":false},"author":9,"featured_media":20596,"comment_status":"closed","ping_status":"open","sticky":false,"template":"","format":"standard","meta":{"tdm_status":"","tdm_grid_status":"","footnotes":""},"categories":[9],"tags":[2026,172,58],"class_list":{"0":"post-20595","1":"post","2":"type-post","3":"status-publish","4":"format-standard","5":"has-post-thumbnail","7":"category-policiales","8":"tag-estadisticas","9":"tag-policiales","10":"tag-san-lorenzo"},"_links":{"self":[{"href":"https:\/\/www.noticiasmas.com.ar\/index.php\/wp-json\/wp\/v2\/posts\/20595","targetHints":{"allow":["GET"]}}],"collection":[{"href":"https:\/\/www.noticiasmas.com.ar\/index.php\/wp-json\/wp\/v2\/posts"}],"about":[{"href":"https:\/\/www.noticiasmas.com.ar\/index.php\/wp-json\/wp\/v2\/types\/post"}],"author":[{"embeddable":true,"href":"https:\/\/www.noticiasmas.com.ar\/index.php\/wp-json\/wp\/v2\/users\/9"}],"replies":[{"embeddable":true,"href":"https:\/\/www.noticiasmas.com.ar\/index.php\/wp-json\/wp\/v2\/comments?post=20595"}],"version-history":[{"count":1,"href":"https:\/\/www.noticiasmas.com.ar\/index.php\/wp-json\/wp\/v2\/posts\/20595\/revisions"}],"predecessor-version":[{"id":20597,"href":"https:\/\/www.noticiasmas.com.ar\/index.php\/wp-json\/wp\/v2\/posts\/20595\/revisions\/20597"}],"wp:featuredmedia":[{"embeddable":true,"href":"https:\/\/www.noticiasmas.com.ar\/index.php\/wp-json\/wp\/v2\/media\/20596"}],"wp:attachment":[{"href":"https:\/\/www.noticiasmas.com.ar\/index.php\/wp-json\/wp\/v2\/media?parent=20595"}],"wp:term":[{"taxonomy":"category","embeddable":true,"href":"https:\/\/www.noticiasmas.com.ar\/index.php\/wp-json\/wp\/v2\/categories?post=20595"},{"taxonomy":"post_tag","embeddable":true,"href":"https:\/\/www.noticiasmas.com.ar\/index.php\/wp-json\/wp\/v2\/tags?post=20595"}],"curies":[{"name":"wp","href":"https:\/\/api.w.org\/{rel}","templated":true}]}}