{"id":20617,"date":"2026-01-08T12:18:33","date_gmt":"2026-01-08T15:18:33","guid":{"rendered":"https:\/\/www.noticiasmas.com.ar\/?p=20617"},"modified":"2026-01-08T12:19:06","modified_gmt":"2026-01-08T15:19:06","slug":"liberaron-al-jefe-de-la-federal-de-rafaela-que-que-manejaba-borracho-y-mato-a-una-mujer","status":"publish","type":"post","link":"https:\/\/www.noticiasmas.com.ar\/index.php\/2026\/01\/08\/liberaron-al-jefe-de-la-federal-de-rafaela-que-que-manejaba-borracho-y-mato-a-una-mujer\/","title":{"rendered":"Liberaron al jefe de la Federal de Rafaela que manejaba borracho y mat\u00f3 a una mujer"},"content":{"rendered":"\n<p>En una resoluci\u00f3n que gener\u00f3 controversia, la Justicia dispuso la libertad del conductor del Honda Civic involucrado en el tr\u00e1gico siniestro vial ocurrido el s\u00e1bado pasado sobre la ruta 6, a la altura de la localidad de Open Door. Como consecuencia del violento impacto muri\u00f3 una mujer de 36 a\u00f1os que circulaba en sentido contrario.<\/p>\n\n\n\n<p>De acuerdo a lo informado por el medio local <em>El Civismo<\/em>, el juez de Garant\u00edas Luis Marcelo Giacoia rechaz\u00f3 el pedido de la Fiscal\u00eda para convertir la aprehensi\u00f3n del acusado en detenci\u00f3n, al considerar que la medida resultaba desproporcionada.<\/p>\n\n\n\n<p>El imputado fue identificado como Maximiliano Gast\u00f3n Montepeloso, de 38 a\u00f1os, efectivo de la Polic\u00eda Federal Argentina. Seg\u00fan los testimonios recogidos en la causa, al momento del hecho conduc\u00eda a gran velocidad y participaba de presuntas \u201cpicadas\u201d con otro veh\u00edculo. Adem\u00e1s, el test de alcoholemia practicado tras el choque arroj\u00f3 resultado positivo.<\/p>\n\n\n\n<p>Pese a ello, el magistrado no hizo lugar al requerimiento formulado por la fiscal Mariana Su\u00e1rez, titular de la UFI N\u00b0 9 del Departamento Judicial Mercedes, quien hab\u00eda solicitado que Montepeloso permaneciera detenido. El acusado enfrenta cargos por homicidio culposo agravado por la conducci\u00f3n imprudente y negligente de un veh\u00edculo automotor, en relaci\u00f3n con la muerte de Vanesa Yanina Escalante, y por lesiones culposas respecto de las dem\u00e1s v\u00edctimas del siniestro.<\/p>\n\n\n\n<p>En su resoluci\u00f3n, Giacoia sostuvo que mantener privado de la libertad al imputado resultaba excesivo y orden\u00f3 su inmediata liberaci\u00f3n, sin perjuicio de la continuidad del proceso judicial. En ese marco, el juez impuso una serie de medidas restrictivas: fijar domicilio, presentarse ante la Justicia cada vez que sea requerido, la retenci\u00f3n de la licencia de conducir \u2014por lo que no podr\u00e1 manejar ning\u00fan veh\u00edculo\u2014 y la prohibici\u00f3n de mantener contacto con las v\u00edctimas y sus familiares.<\/p>\n\n\n\n<p>Respecto al consumo de alcohol, el an\u00e1lisis indic\u00f3 0,48 gramos por litro de sangre. Si bien en la provincia de Buenos Aires rige la Ley de Alcohol Cero, ese nivel no alcanza el umbral de 0,5 gramos establecido por la ley nacional como agravante penal, motivo por el cual no fue considerado como tal en la causa.<\/p>\n\n\n\n<p><strong>Picadas, choque frontal y muerte<\/strong><\/p>\n\n\n\n<p>El fatal accidente se produjo cerca de las 17.50 del s\u00e1bado en la Autov\u00eda 6, a la altura del acceso a La Ca\u00f1ada Polo, en Open Door. La v\u00edctima fatal fue Vanesa Yanina Escalante, de 36 a\u00f1os.<\/p>\n\n\n\n<p>Como consecuencia del impacto, cuatro personas debieron ser trasladadas por los bomberos al Hospital Zonal General Nuestra Se\u00f1ora de Luj\u00e1n. En el Honda Civic viajaban Montepeloso y Romina Riedel. En tanto, en el Chevrolet Prisma se trasladaban Milagros Ludmila Emmi Escalante, de 13 a\u00f1os, y Marcelo Cayetano Emmi, de 38, ambos domiciliados en General Rodr\u00edguez.<\/p>\n\n\n\n<p>Seg\u00fan relataron testigos, un Honda Civic y un Audi circulaban a alta velocidad en sentido Luj\u00e1n\u2013Pilar, realizando maniobras temerarias y presuntas picadas. En un momento, el Honda perdi\u00f3 el control, cruz\u00f3 el cantero central que divide ambas manos de la autov\u00eda y choc\u00f3 de frente contra el Chevrolet Prisma, que avanzaba en direcci\u00f3n contraria con una familia a bordo.<\/p>\n\n\n\n<p>Tras la colisi\u00f3n, el Audi se dio a la fuga, mientras que el Honda termin\u00f3 debajo de unos \u00e1rboles. El Chevrolet qued\u00f3 totalmente destruido en el zanj\u00f3n central. La mujer qued\u00f3 atrapada entre los hierros y, pese al trabajo de los equipos de emergencia, falleci\u00f3 en el lugar.<\/p>\n","protected":false},"excerpt":{"rendered":"<p>En una resoluci\u00f3n que gener\u00f3 controversia, la Justicia dispuso la libertad del conductor del Honda Civic involucrado en el tr\u00e1gico siniestro vial ocurrido el s\u00e1bado pasado sobre la ruta 6, a la altura de la localidad de Open Door. Como consecuencia del violento impacto muri\u00f3 una mujer de 36 a\u00f1os que circulaba en sentido contrario. [&hellip;]<\/p>\n","protected":false},"author":8,"featured_media":20618,"comment_status":"closed","ping_status":"open","sticky":false,"template":"","format":"standard","meta":{"tdm_status":"","tdm_grid_status":"","footnotes":""},"categories":[9],"tags":[2030,6253,6254,177,1775],"class_list":{"0":"post-20617","1":"post","2":"type-post","3":"status-publish","4":"format-standard","5":"has-post-thumbnail","7":"category-policiales","8":"tag-accidente","9":"tag-federal","10":"tag-luis-marcelo-giacoia","11":"tag-policia","12":"tag-rafaela"},"_links":{"self":[{"href":"https:\/\/www.noticiasmas.com.ar\/index.php\/wp-json\/wp\/v2\/posts\/20617","targetHints":{"allow":["GET"]}}],"collection":[{"href":"https:\/\/www.noticiasmas.com.ar\/index.php\/wp-json\/wp\/v2\/posts"}],"about":[{"href":"https:\/\/www.noticiasmas.com.ar\/index.php\/wp-json\/wp\/v2\/types\/post"}],"author":[{"embeddable":true,"href":"https:\/\/www.noticiasmas.com.ar\/index.php\/wp-json\/wp\/v2\/users\/8"}],"replies":[{"embeddable":true,"href":"https:\/\/www.noticiasmas.com.ar\/index.php\/wp-json\/wp\/v2\/comments?post=20617"}],"version-history":[{"count":2,"href":"https:\/\/www.noticiasmas.com.ar\/index.php\/wp-json\/wp\/v2\/posts\/20617\/revisions"}],"predecessor-version":[{"id":20620,"href":"https:\/\/www.noticiasmas.com.ar\/index.php\/wp-json\/wp\/v2\/posts\/20617\/revisions\/20620"}],"wp:featuredmedia":[{"embeddable":true,"href":"https:\/\/www.noticiasmas.com.ar\/index.php\/wp-json\/wp\/v2\/media\/20618"}],"wp:attachment":[{"href":"https:\/\/www.noticiasmas.com.ar\/index.php\/wp-json\/wp\/v2\/media?parent=20617"}],"wp:term":[{"taxonomy":"category","embeddable":true,"href":"https:\/\/www.noticiasmas.com.ar\/index.php\/wp-json\/wp\/v2\/categories?post=20617"},{"taxonomy":"post_tag","embeddable":true,"href":"https:\/\/www.noticiasmas.com.ar\/index.php\/wp-json\/wp\/v2\/tags?post=20617"}],"curies":[{"name":"wp","href":"https:\/\/api.w.org\/{rel}","templated":true}]}}