{"id":20621,"date":"2026-01-08T17:06:12","date_gmt":"2026-01-08T20:06:12","guid":{"rendered":"https:\/\/www.noticiasmas.com.ar\/?p=20621"},"modified":"2026-01-08T17:06:17","modified_gmt":"2026-01-08T20:06:17","slug":"positivo-balance-de-gestion-y-convocatoria-a-instituciones-para-integrar-el-consejo-asesor-del-hospital-granaderos-a-caballo","status":"publish","type":"post","link":"https:\/\/www.noticiasmas.com.ar\/index.php\/2026\/01\/08\/positivo-balance-de-gestion-y-convocatoria-a-instituciones-para-integrar-el-consejo-asesor-del-hospital-granaderos-a-caballo\/","title":{"rendered":"Positivo balance de gesti\u00f3n y convocatoria a instituciones para integrar el Consejo Asesor del Hospital Granaderos a Caballo"},"content":{"rendered":"\n<p>La Direcci\u00f3n del Hospital Granaderos a Caballo de San Lorenzo realiz\u00f3 un balance positivo del a\u00f1o 2025, marcado por profundas transformaciones institucionales y un fuerte incremento en la demanda de atenci\u00f3n sanitaria en toda la regi\u00f3n.<\/p>\n\n\n\n<p>El Doctor Andres Lanaro, a cargo del equipo directivo del Hospital expreso: \u201cDurante el \u00faltimo a\u00f1o, el hospital sostuvo altos niveles de atenci\u00f3n, dando respuesta no solo a la poblaci\u00f3n de San Lorenzo, sino tambi\u00e9n a pacientes provenientes de localidades vecinas y de distintos puntos de la provincia. Este escenario se dio en un contexto complejo para el sistema de salud, con un aumento de la demanda producto de la p\u00e9rdida de cobertura de obras sociales y de nuevas responsabilidades asumidas por la provincia ante el retiro del Estado nacional en \u00e1reas clave como la provisi\u00f3n de medicamentos y equipamiento\u201d.<\/p>\n\n\n\n<p><strong>Nueva etapa institucional<\/strong><br><\/p>\n\n\n\n<p>Se abre una nueva etapa institucional, donde el Hospital Granaderos a Caballo avanza en la conformaci\u00f3n de su Consejo Asesor, \u00f3rgano de gobierno previsto en el modelo de autogesti\u00f3n descentralizada. Dicho consejo estar\u00e1 integrado por cinco miembros: dos designados por el Ejecutivo, dos representantes del personal del hospital (uno profesional y uno no profesional) y un representante de la comunidad.<\/p>\n\n\n\n<p>\u201cEste \u00faltimo rol reviste especial importancia, ya que tendr\u00e1 la funci\u00f3n de canalizar la voz de la ciudadan\u00eda dentro del \u00e1mbito de conducci\u00f3n del hospital. El representante comunitario ser\u00e1 elegido a trav\u00e9s de las instituciones formalmente constituidas del \u00e1rea program\u00e1tica del hospital, principalmente de la ciudad de San Lorenzo\u201d, afirm\u00f3 Lanaro.<br><\/p>\n\n\n\n<p>En las pr\u00f3ximas semanas se dar\u00e1 a conocer el cronograma y el procedimiento de inscripci\u00f3n para que las instituciones interesadas puedan participar del proceso de selecci\u00f3n y elecci\u00f3n del representante. El mandato de los miembros del Consejo Asesor ser\u00e1 de tres a\u00f1os, lo que permitir\u00e1 dar continuidad al proyecto institucional y resguardar el rumbo del hospital m\u00e1s all\u00e1 de los cambios pol\u00edticos.<\/p>\n\n\n\n<p><br>Desde la Direcci\u00f3n del Hospital se invita a las instituciones de San Lorenzo a involucrarse activamente en este proceso, entendiendo que el fortalecimiento del sistema de salud p\u00fablico se construye de manera conjunta, con participaci\u00f3n comunitaria y compromiso ciudadano, en defensa del derecho a la salud de toda la poblaci\u00f3n.<\/p>\n","protected":false},"excerpt":{"rendered":"<p>La Direcci\u00f3n del Hospital Granaderos a Caballo de San Lorenzo realiz\u00f3 un balance positivo del a\u00f1o 2025, marcado por profundas transformaciones institucionales y un fuerte incremento en la demanda de atenci\u00f3n sanitaria en toda la regi\u00f3n. El Doctor Andres Lanaro, a cargo del equipo directivo del Hospital expreso: \u201cDurante el \u00faltimo a\u00f1o, el hospital sostuvo [&hellip;]<\/p>\n","protected":false},"author":5,"featured_media":20622,"comment_status":"closed","ping_status":"open","sticky":false,"template":"","format":"standard","meta":{"tdm_status":"","tdm_grid_status":"","footnotes":""},"categories":[13],"tags":[6256,1091,1166,6255,58],"class_list":{"0":"post-20621","1":"post","2":"type-post","3":"status-publish","4":"format-standard","5":"has-post-thumbnail","7":"category-region","8":"tag-consejo-asesor","9":"tag-convocatoria","10":"tag-hospital-granaderos-a-caballo","11":"tag-positivo-balance-2025","12":"tag-san-lorenzo"},"_links":{"self":[{"href":"https:\/\/www.noticiasmas.com.ar\/index.php\/wp-json\/wp\/v2\/posts\/20621","targetHints":{"allow":["GET"]}}],"collection":[{"href":"https:\/\/www.noticiasmas.com.ar\/index.php\/wp-json\/wp\/v2\/posts"}],"about":[{"href":"https:\/\/www.noticiasmas.com.ar\/index.php\/wp-json\/wp\/v2\/types\/post"}],"author":[{"embeddable":true,"href":"https:\/\/www.noticiasmas.com.ar\/index.php\/wp-json\/wp\/v2\/users\/5"}],"replies":[{"embeddable":true,"href":"https:\/\/www.noticiasmas.com.ar\/index.php\/wp-json\/wp\/v2\/comments?post=20621"}],"version-history":[{"count":1,"href":"https:\/\/www.noticiasmas.com.ar\/index.php\/wp-json\/wp\/v2\/posts\/20621\/revisions"}],"predecessor-version":[{"id":20623,"href":"https:\/\/www.noticiasmas.com.ar\/index.php\/wp-json\/wp\/v2\/posts\/20621\/revisions\/20623"}],"wp:featuredmedia":[{"embeddable":true,"href":"https:\/\/www.noticiasmas.com.ar\/index.php\/wp-json\/wp\/v2\/media\/20622"}],"wp:attachment":[{"href":"https:\/\/www.noticiasmas.com.ar\/index.php\/wp-json\/wp\/v2\/media?parent=20621"}],"wp:term":[{"taxonomy":"category","embeddable":true,"href":"https:\/\/www.noticiasmas.com.ar\/index.php\/wp-json\/wp\/v2\/categories?post=20621"},{"taxonomy":"post_tag","embeddable":true,"href":"https:\/\/www.noticiasmas.com.ar\/index.php\/wp-json\/wp\/v2\/tags?post=20621"}],"curies":[{"name":"wp","href":"https:\/\/api.w.org\/{rel}","templated":true}]}}