{"id":20639,"date":"2026-01-09T10:53:47","date_gmt":"2026-01-09T13:53:47","guid":{"rendered":"https:\/\/www.noticiasmas.com.ar\/?p=20639"},"modified":"2026-01-09T10:53:51","modified_gmt":"2026-01-09T13:53:51","slug":"cordoba-actualizo-su-ley-provincial-de-transito-y-sera-mas-facil-hacer-el-descargo-por-infracciones","status":"publish","type":"post","link":"https:\/\/www.noticiasmas.com.ar\/index.php\/2026\/01\/09\/cordoba-actualizo-su-ley-provincial-de-transito-y-sera-mas-facil-hacer-el-descargo-por-infracciones\/","title":{"rendered":"C\u00f3rdoba actualiz\u00f3 su Ley Provincial de Tr\u00e1nsito y ser\u00e1 m\u00e1s f\u00e1cil hacer el descargo por infracciones"},"content":{"rendered":"\n<p>La provincia de C\u00f3rdoba ha implementado una profunda reforma en su Ley Provincial de Tr\u00e1nsito N.\u00ba 8560, vigente desde finales de diciembre de 2025. Esta actualizaci\u00f3n normativa surge como respuesta al crecimiento del parque automotor y a la necesidad de integrar nuevas tecnolog\u00edas para mejorar la seguridad vial y ordenar la circulaci\u00f3n en rutas y zonas urbanas. <\/p>\n\n\n\n<p>La nueva reforma busca promover conductas responsables y reducir la siniestralidad mediante la modernizaci\u00f3n de los sistemas de fiscalizaci\u00f3n y sanci\u00f3n.<\/p>\n\n\n\n<p>Continuar\u00e1 siendo obligatorio circular con luces bajas o diurnas encendidas en todos los tramos se\u00f1alizados, rutas nacionales, provinciales y t\u00faneles. En el caso de las motocicletas, esta exigencia rige durante todo el d\u00eda y en cualquier lugar. La ley tambi\u00e9n contempla el uso de sistemas de iluminaci\u00f3n autom\u00e1tica que se activan al encender el veh\u00edculo y refuerza la obligatoriedad de utilizar luces bajas y antiniebla ante condiciones clim\u00e1ticas adversas como niebla o lluvia intensa. El incumplimiento de estas disposiciones inicialmente derivar\u00e1 en un apercibimiento preventivo para el conductor.<\/p>\n\n\n\n<p>La fiscalizaci\u00f3n tambi\u00e9n da un salto tecnol\u00f3gico con la validaci\u00f3n de controles digitales y electr\u00f3nicos. La autoridad competente queda facultada para utilizar dispositivos de registro f\u00edlmico o fotogr\u00e1fico, tanto de manera presencial como remota, para constatar infracciones en rutas, peajes y corredores viales. En sinton\u00eda con esta digitalizaci\u00f3n, las notificaciones de multas podr\u00e1n realizarse de forma electr\u00f3nica en el domicilio administrativo declarado por el conductor, agilizando los procesos de comunicaci\u00f3n legal que anteriormente se limitaban al domicilio f\u00edsico de la licencia.<\/p>\n\n\n\n<p>En cuanto a la resoluci\u00f3n de las faltas, se han introducido cambios significativos en el juzgamiento y la reincidencia. Si bien las infracciones se juzgan generalmente en el lugar donde fueron cometidas, aquellos conductores que residan a m\u00e1s de 60 kil\u00f3metros del juzgado interviniente podr\u00e1n realizar su descargo en la jurisdicci\u00f3n de su domicilio. Para quienes vivan fuera de la provincia, se habilitar\u00e1 el uso de la identidad digital a trav\u00e9s de la plataforma Ciudadano Digital. Adem\u00e1s, se incorpora el criterio de reiterancia, que permite a las autoridades aplicar medidas preventivas o considerar la acumulaci\u00f3n de faltas no firmes como un agravante al momento de definir la sanci\u00f3n final.<\/p>\n\n\n\n<p>Por \u00faltimo, la reforma actualiza el r\u00e9gimen de sanciones manteniendo las categor\u00edas de leves, graves y muy graves, pero incorporando nuevas modalidades de cumplimiento. M\u00e1s all\u00e1 de las multas econ\u00f3micas, el sistema ahora incluye la posibilidad de realizar trabajos comunitarios o asistir a cursos obligatorios de seguridad vial y programas educativos. Tambi\u00e9n se formaliza el uso de apercibimientos como una advertencia oficial que, aunque no conlleva una multa inmediata, queda registrada como un antecedente computable en caso de futuras reincidencias.<\/p>\n","protected":false},"excerpt":{"rendered":"<p>La provincia de C\u00f3rdoba ha implementado una profunda reforma en su Ley Provincial de Tr\u00e1nsito N.\u00ba 8560, vigente desde finales de diciembre de 2025. Esta actualizaci\u00f3n normativa surge como respuesta al crecimiento del parque automotor y a la necesidad de integrar nuevas tecnolog\u00edas para mejorar la seguridad vial y ordenar la circulaci\u00f3n en rutas y [&hellip;]<\/p>\n","protected":false},"author":9,"featured_media":20640,"comment_status":"closed","ping_status":"open","sticky":false,"template":"","format":"standard","meta":{"tdm_status":"","tdm_grid_status":"","footnotes":""},"categories":[1],"tags":[976,6264,6263],"class_list":{"0":"post-20639","1":"post","2":"type-post","3":"status-publish","4":"format-standard","5":"has-post-thumbnail","7":"category-nacionales","8":"tag-cordoba","9":"tag-ley-de-transito","10":"tag-policia-caminera"},"_links":{"self":[{"href":"https:\/\/www.noticiasmas.com.ar\/index.php\/wp-json\/wp\/v2\/posts\/20639","targetHints":{"allow":["GET"]}}],"collection":[{"href":"https:\/\/www.noticiasmas.com.ar\/index.php\/wp-json\/wp\/v2\/posts"}],"about":[{"href":"https:\/\/www.noticiasmas.com.ar\/index.php\/wp-json\/wp\/v2\/types\/post"}],"author":[{"embeddable":true,"href":"https:\/\/www.noticiasmas.com.ar\/index.php\/wp-json\/wp\/v2\/users\/9"}],"replies":[{"embeddable":true,"href":"https:\/\/www.noticiasmas.com.ar\/index.php\/wp-json\/wp\/v2\/comments?post=20639"}],"version-history":[{"count":1,"href":"https:\/\/www.noticiasmas.com.ar\/index.php\/wp-json\/wp\/v2\/posts\/20639\/revisions"}],"predecessor-version":[{"id":20641,"href":"https:\/\/www.noticiasmas.com.ar\/index.php\/wp-json\/wp\/v2\/posts\/20639\/revisions\/20641"}],"wp:featuredmedia":[{"embeddable":true,"href":"https:\/\/www.noticiasmas.com.ar\/index.php\/wp-json\/wp\/v2\/media\/20640"}],"wp:attachment":[{"href":"https:\/\/www.noticiasmas.com.ar\/index.php\/wp-json\/wp\/v2\/media?parent=20639"}],"wp:term":[{"taxonomy":"category","embeddable":true,"href":"https:\/\/www.noticiasmas.com.ar\/index.php\/wp-json\/wp\/v2\/categories?post=20639"},{"taxonomy":"post_tag","embeddable":true,"href":"https:\/\/www.noticiasmas.com.ar\/index.php\/wp-json\/wp\/v2\/tags?post=20639"}],"curies":[{"name":"wp","href":"https:\/\/api.w.org\/{rel}","templated":true}]}}