{"id":20642,"date":"2026-01-09T13:19:48","date_gmt":"2026-01-09T16:19:48","guid":{"rendered":"https:\/\/www.noticiasmas.com.ar\/?p=20642"},"modified":"2026-01-09T13:20:52","modified_gmt":"2026-01-09T16:20:52","slug":"ministerio-de-salud-en-2025-hubo-en-el-pais-mas-de-11-000-intentos-de-suicidio","status":"publish","type":"post","link":"https:\/\/www.noticiasmas.com.ar\/index.php\/2026\/01\/09\/ministerio-de-salud-en-2025-hubo-en-el-pais-mas-de-11-000-intentos-de-suicidio\/","title":{"rendered":"Datos que alarman: en 2025 hubo en el pa\u00eds m\u00e1s de 11.000 intentos de suicidio"},"content":{"rendered":"\n<p>M\u00e1s all\u00e1 del n\u00famero global, el informe oficial profundiza en la composici\u00f3n diaria de los intentos de suicidio. Del total registrado, el 95% no tuvo desenlace fatal, mientras que el 5% termin\u00f3 en muerte. El an\u00e1lisis indica que por cada suicidio consumado se producen aproximadamente 17,2 intentos no fatales, un dato que refuerza la importancia de fortalecer la intervenci\u00f3n temprana desde los sistemas de atenci\u00f3n primaria y de emergencia.<\/p>\n\n\n\n<p>La distribuci\u00f3n por sexo y edad revela un escenario complejo. Aunque en t\u00e9rminos generales predominan los casos protagonizados por mujeres \u2014que concentran el 61% de los eventos notificados\u2014, los varones presentan un riesgo significativamente mayor de que el intento tenga un desenlace mortal. Las cifras muestran una tasa de concreci\u00f3n del 2,1% en mujeres frente al 10,8% en varones, lo que implica que el riesgo de muerte es cinco veces m\u00e1s alto en el sexo masculino.<\/p>\n\n\n\n<p>Al analizar la relaci\u00f3n entre sexo y edad, se observa que en todos los grupos etarios \u2014con excepci\u00f3n de las personas mayores de 65 a\u00f1os\u2014 las tasas m\u00e1s elevadas de intentos corresponden a mujeres. El grupo de 15 a 19 a\u00f1os es el que registra la mayor incidencia de intentos de suicidio de toda la poblaci\u00f3n, duplicando incluso la tasa observada en varones de la misma franja etaria.<\/p>\n\n\n\n<p>El relevamiento tambi\u00e9n aporta datos sobre los m\u00e9todos utilizados. Entre las mujeres, la sobredosis de medicamentos aparece como la modalidad m\u00e1s frecuente, mientras que en los varones predominan m\u00e9todos de mayor letalidad.<\/p>\n\n\n\n<p>En cuanto al lugar donde ocurren los hechos, el 85,7% de los intentos se produce en el \u00e1mbito domiciliario, lo que plantea desaf\u00edos espec\u00edficos para la detecci\u00f3n precoz y la articulaci\u00f3n con redes familiares y comunitarias. En menor medida, los episodios se registran en la v\u00eda p\u00fablica y, muy por detr\u00e1s, en \u00e1mbitos laborales o instituciones de salud.https:\/\/securepubads.g.doubleclick.net\/gampad\/ads?iu=%2F23163373976%2FLT_News_Middle_02&amp;adk=2134198025&amp;sz=728&#215;90&amp;output=html&amp;impl=ifr&amp;ifi=3&amp;msz=727x-1&amp;psz=727x-1&amp;fws=4&amp;scp=tags%3Dinforme%2Csalud-mental%2Csuicidios%26seccion%3Dactualidad&amp;adf=357248098&amp;nhd=0&amp;adx=176&amp;ady=2268&amp;oid=2&amp;ptt=13&amp;gdfp_req=1&amp;sfv=1-0-37&amp;u_sd=0.8999999761581421&amp;cookie_enabled=1&amp;is_amp=3&amp;amp_v=2512172008001&amp;d_imp=1&amp;c=4007007489&amp;ga_cid=amp-uv4yuSmtS0nVWJBt0B7eeA&amp;ga_hid=7489&amp;dt=1767975406601&amp;biw=1517&amp;bih=674&amp;u_aw=1366&amp;u_ah=728&amp;u_cd=24&amp;u_w=1366&amp;u_h=768&amp;u_tz=-180&amp;u_his=23&amp;vis=1&amp;scr_x=0&amp;scr_y=0&amp;bc=7&amp;url=https%3A%2F%2Flatarima.com.ar%2Factualidad%2Fdatos-oficiales-en-2025-hubo-mas-de-11-000-intentos-de-suicidio-en-el-pais-12325.html&amp;ref=https%3A%2F%2Flatarima.com.ar%2F&amp;bdt=559&amp;uap=Windows&amp;uapv=10.0.0&amp;uaa=x86&amp;uafv=143.0.7499.170&amp;uab=64&amp;dtd=108&amp;aet=n&amp;__amp_source_origin=https%3A%2F%2Flatarima.com.ar<\/p>\n\n\n\n<p>Respecto de los factores de riesgo, el informe se\u00f1ala dos antecedentes principales, cada uno presente en alrededor del 20% de los casos: diagn\u00f3sticos previos de problemas de salud mental y antecedentes de intentos de suicidio. Tambi\u00e9n se identifican v\u00ednculos con el consumo problem\u00e1tico de sustancias \u2014como alcohol y coca\u00edna\u2014 y con enfermedades cr\u00f3nicas.<\/p>\n\n\n\n<p>En este contexto, el Congreso avanza en la elaboraci\u00f3n de un plan nacional para la prevenci\u00f3n del suicidio en ni\u00f1as, ni\u00f1os y adolescentes. Las recomendaciones apuntan a poner especial foco tanto en la poblaci\u00f3n adolescente como en las personas mayores, considerados los grupos de mayor vulnerabilidad.<\/p>\n\n\n\n<p>Entre las medidas sugeridas se destaca el desarrollo de dispositivos de atenci\u00f3n telef\u00f3nica gratuitos y la incorporaci\u00f3n de especialistas en salud mental a las l\u00edneas ya existentes, con personal capacitado para la recepci\u00f3n, evaluaci\u00f3n, seguimiento y derivaci\u00f3n asistida de situaciones de crisis y riesgo suicida.<\/p>\n","protected":false},"excerpt":{"rendered":"<p>M\u00e1s all\u00e1 del n\u00famero global, el informe oficial profundiza en la composici\u00f3n diaria de los intentos de suicidio. Del total registrado, el 95% no tuvo desenlace fatal, mientras que el 5% termin\u00f3 en muerte. El an\u00e1lisis indica que por cada suicidio consumado se producen aproximadamente 17,2 intentos no fatales, un dato que refuerza la importancia [&hellip;]<\/p>\n","protected":false},"author":8,"featured_media":20643,"comment_status":"closed","ping_status":"open","sticky":false,"template":"","format":"standard","meta":{"tdm_status":"","tdm_grid_status":"","footnotes":""},"categories":[1],"tags":[2026,632,2329,6265],"class_list":{"0":"post-20642","1":"post","2":"type-post","3":"status-publish","4":"format-standard","5":"has-post-thumbnail","7":"category-nacionales","8":"tag-estadisticas","9":"tag-ministerio-de-salud","10":"tag-salud-mental","11":"tag-suicidios"},"_links":{"self":[{"href":"https:\/\/www.noticiasmas.com.ar\/index.php\/wp-json\/wp\/v2\/posts\/20642","targetHints":{"allow":["GET"]}}],"collection":[{"href":"https:\/\/www.noticiasmas.com.ar\/index.php\/wp-json\/wp\/v2\/posts"}],"about":[{"href":"https:\/\/www.noticiasmas.com.ar\/index.php\/wp-json\/wp\/v2\/types\/post"}],"author":[{"embeddable":true,"href":"https:\/\/www.noticiasmas.com.ar\/index.php\/wp-json\/wp\/v2\/users\/8"}],"replies":[{"embeddable":true,"href":"https:\/\/www.noticiasmas.com.ar\/index.php\/wp-json\/wp\/v2\/comments?post=20642"}],"version-history":[{"count":2,"href":"https:\/\/www.noticiasmas.com.ar\/index.php\/wp-json\/wp\/v2\/posts\/20642\/revisions"}],"predecessor-version":[{"id":20645,"href":"https:\/\/www.noticiasmas.com.ar\/index.php\/wp-json\/wp\/v2\/posts\/20642\/revisions\/20645"}],"wp:featuredmedia":[{"embeddable":true,"href":"https:\/\/www.noticiasmas.com.ar\/index.php\/wp-json\/wp\/v2\/media\/20643"}],"wp:attachment":[{"href":"https:\/\/www.noticiasmas.com.ar\/index.php\/wp-json\/wp\/v2\/media?parent=20642"}],"wp:term":[{"taxonomy":"category","embeddable":true,"href":"https:\/\/www.noticiasmas.com.ar\/index.php\/wp-json\/wp\/v2\/categories?post=20642"},{"taxonomy":"post_tag","embeddable":true,"href":"https:\/\/www.noticiasmas.com.ar\/index.php\/wp-json\/wp\/v2\/tags?post=20642"}],"curies":[{"name":"wp","href":"https:\/\/api.w.org\/{rel}","templated":true}]}}