{"id":20650,"date":"2026-01-09T18:29:29","date_gmt":"2026-01-09T21:29:29","guid":{"rendered":"https:\/\/www.noticiasmas.com.ar\/?p=20650"},"modified":"2026-01-09T18:29:34","modified_gmt":"2026-01-09T21:29:34","slug":"aseguran-que-material-fecal-de-carcel-de-pinero-contamina-a-campos-lindantes","status":"publish","type":"post","link":"https:\/\/www.noticiasmas.com.ar\/index.php\/2026\/01\/09\/aseguran-que-material-fecal-de-carcel-de-pinero-contamina-a-campos-lindantes\/","title":{"rendered":"ASEGURAN QUE MATERIAL FECAL DE C\u00c1RCEL DE PI\u00d1ERO CONTAMINA A CAMPOS LINDANTES"},"content":{"rendered":"\n<p>Por iniciativa del diputado Carlos del Frade se piden al Ejecutivo provincial que informe cu\u00e1les son las medidas tomadas para solucionar el drenaje de materia fecal que surge de la Unidad Penitenciaria n\u00famero 11 de Pi\u00f1ero, que desemboca en el Arroyo Saladillo y que \u201ccontamina los campos lindantes desde hace a\u00f1os tal como fue manifestados por productores damnificados\u201d, se se\u00f1ala en el proyecto presentado por el diputado en la C\u00e1mara Baja de la Legislatura Provincial.<\/p>\n\n\n\n<p>Dicha denuncia de contaminaci\u00f3n \u201cse ver\u00eda agravado con la nueva instalaci\u00f3n de otra c\u00e1rcel en otros terrenos cercanos, hecho que provoca consecuencias negativas sobre el ambiente, potencialmente sobre la salud humana y la producci\u00f3n de esos campos\u201d, agrega la iniciativa.<\/p>\n\n\n\n<p>Se puede leer en el proyecto de Del Frade que el vecino y productor agropecuario de Pi\u00f1ero, , Fernando Wirsch, viene realizando presentaciones en distintas \u00e1reas del estado santafesino con el objetivo de solucionar el drenaje de material fecal que afecta su campo desde hace a\u00f1os.<\/p>\n\n\n\n<p>El 26 de noviembre de 2015, por ejemplo, suscribi\u00f3 con el Ministerio de Aguas, Servicios P\u00fablicos y Medio Ambiente de la provincia de Santa Fe y con la comuna de Pi\u00f1ero, un convenio para derivar las aguas que produce la Unidad Penitenciaria al arroyo Saladillo, \u201cdebido a numerosos a\u00f1os donde el propietario estuvo en litigio con la provincia debido a la contaminaci\u00f3n que las aguas servidas de la c\u00e1rcel produc\u00edan en su propiedad rural y obviamente en las napas de la zona\u201d. agrega.<\/p>\n\n\n\n<p>En el relato se prosigue sobre que ese grado de contaminaci\u00f3n, por ejemplo, \u201cimpidi\u00f3 seguir con la explotaci\u00f3n ganadera, generando enormes perjuicios econ\u00f3micos\u201d. En una nota enviada al gobernador Maximiliano Pullaro da cuenta que \u201cni la provincia ni la comuna ejercieron un control y un mantenimiento para evitar dicha problem\u00e1tica ni la afectaci\u00f3n ambiental que producen 1.500.000 de litros diarios done seg\u00fan constataciones realizadas el agua no es apta para consumo humano. No solo eso, sino que la misma excede sobradamente todos los est\u00e1ndares de contaminaci\u00f3n. La misma presenta bacterias de escherichi coli, pseudomonas aeruginosas, entre otras\u201d, dice el texto enviado al ejecutivo.<\/p>\n\n\n\n<p>Asegura Wirsch que \u201cla contaminaci\u00f3n alcanz\u00f3 las napas de agua, generando ello un grave peligro en el consumo de agua de la zona, lo cual afecta a las personas y los animales\u201d y que \u201csin perjuicio de todo lo expuesto, de la omisi\u00f3n de control y mantenimiento, la provincia est\u00e1 avanzando con la construcci\u00f3n de una nueva c\u00e1rcel que duplicar\u00e1 la contaminaci\u00f3n y el problema que actualmente existe, sin ning\u00fan tipo de soluci\u00f3n a corto plazo\u201d.<\/p>\n\n\n\n<p>Es fundamental que el Ejecutivo \u201cresponda esta demanda que lleva a\u00f1os y que, adem\u00e1s, conlleva un serio peligro para el ambiente y potencialmente para la salud humana de la gente de la regi\u00f3n\u201d, complet\u00f3 del Frade.<\/p>\n","protected":false},"excerpt":{"rendered":"<p>Por iniciativa del diputado Carlos del Frade se piden al Ejecutivo provincial que informe cu\u00e1les son las medidas tomadas para solucionar el drenaje de materia fecal que surge de la Unidad Penitenciaria n\u00famero 11 de Pi\u00f1ero, que desemboca en el Arroyo Saladillo y que \u201ccontamina los campos lindantes desde hace a\u00f1os tal como fue manifestados [&hellip;]<\/p>\n","protected":false},"author":5,"featured_media":20651,"comment_status":"closed","ping_status":"open","sticky":false,"template":"","format":"standard","meta":{"tdm_status":"","tdm_grid_status":"","footnotes":""},"categories":[13],"tags":[6267,714,994,4408,538],"class_list":{"0":"post-20650","1":"post","2":"type-post","3":"status-publish","4":"format-standard","5":"has-post-thumbnail","7":"category-region","8":"tag-campos-linderos","9":"tag-carcel-de-pinero","10":"tag-carlos-del-frade","11":"tag-contaminacion","12":"tag-denuncia"},"_links":{"self":[{"href":"https:\/\/www.noticiasmas.com.ar\/index.php\/wp-json\/wp\/v2\/posts\/20650","targetHints":{"allow":["GET"]}}],"collection":[{"href":"https:\/\/www.noticiasmas.com.ar\/index.php\/wp-json\/wp\/v2\/posts"}],"about":[{"href":"https:\/\/www.noticiasmas.com.ar\/index.php\/wp-json\/wp\/v2\/types\/post"}],"author":[{"embeddable":true,"href":"https:\/\/www.noticiasmas.com.ar\/index.php\/wp-json\/wp\/v2\/users\/5"}],"replies":[{"embeddable":true,"href":"https:\/\/www.noticiasmas.com.ar\/index.php\/wp-json\/wp\/v2\/comments?post=20650"}],"version-history":[{"count":1,"href":"https:\/\/www.noticiasmas.com.ar\/index.php\/wp-json\/wp\/v2\/posts\/20650\/revisions"}],"predecessor-version":[{"id":20652,"href":"https:\/\/www.noticiasmas.com.ar\/index.php\/wp-json\/wp\/v2\/posts\/20650\/revisions\/20652"}],"wp:featuredmedia":[{"embeddable":true,"href":"https:\/\/www.noticiasmas.com.ar\/index.php\/wp-json\/wp\/v2\/media\/20651"}],"wp:attachment":[{"href":"https:\/\/www.noticiasmas.com.ar\/index.php\/wp-json\/wp\/v2\/media?parent=20650"}],"wp:term":[{"taxonomy":"category","embeddable":true,"href":"https:\/\/www.noticiasmas.com.ar\/index.php\/wp-json\/wp\/v2\/categories?post=20650"},{"taxonomy":"post_tag","embeddable":true,"href":"https:\/\/www.noticiasmas.com.ar\/index.php\/wp-json\/wp\/v2\/tags?post=20650"}],"curies":[{"name":"wp","href":"https:\/\/api.w.org\/{rel}","templated":true}]}}