{"id":20684,"date":"2026-01-12T16:21:44","date_gmt":"2026-01-12T19:21:44","guid":{"rendered":"https:\/\/www.noticiasmas.com.ar\/?p=20684"},"modified":"2026-01-12T16:21:49","modified_gmt":"2026-01-12T19:21:49","slug":"gestion-milei-subio-el-gasto-de-la-side-pero-cayo-en-ninez-educacion-salud-y-rutas","status":"publish","type":"post","link":"https:\/\/www.noticiasmas.com.ar\/index.php\/2026\/01\/12\/gestion-milei-subio-el-gasto-de-la-side-pero-cayo-en-ninez-educacion-salud-y-rutas\/","title":{"rendered":"Gesti\u00f3n Milei: subi\u00f3 el gasto de la SIDE pero cay\u00f3 en ni\u00f1ez, educaci\u00f3n, salud y rutas"},"content":{"rendered":"\n<p>El gasto total del Estado nacional se redujo un 29% durante los primeros a\u00f1os de gesti\u00f3n del presidente Javier Milei, con fuertes recortes en \u00e1reas sensibles como salud, ciencia, educaci\u00f3n, obra p\u00fablica y pol\u00edticas de ni\u00f1ez, mientras que s\u00f3lo unos pocos rubros registraron aumentos, entre ellos el destinado a inteligencia.<\/p>\n\n\n\n<p>Los datos surgen de un informe elaborado por el Centro de Econom\u00eda Pol\u00edtica Argentina (Cepa), que analiza la evoluci\u00f3n de la Ejecuci\u00f3n Presupuestaria de la Administraci\u00f3n P\u00fablica Nacional (APN), con informaci\u00f3n actualizada a diciembre de 2025.<\/p>\n\n\n\n<p>Seg\u00fan el estudio, el ajuste se sinti\u00f3 con mayor intensidad en los ministerios de Salud, Ciencia y Educaci\u00f3n, as\u00ed como en Desarrollo Social e Infraestructura. En varios programas cr\u00edticos, el desfinanciamiento fue casi total. En Salud, por ejemplo, algunos programas registraron una ca\u00edda del 100%. En Ciencia, el Conicet acumul\u00f3 una baja del 32% en dos a\u00f1os y los fondos para investigaci\u00f3n se redujeron un 82%. En Educaci\u00f3n, programas emblem\u00e1ticos como Conectar Igualdad y el Fondo Nacional de Incentivo Docente fueron directamente eliminados, mientras que la formaci\u00f3n docente cay\u00f3 un 75%. En Desarrollo Social, los recortes alcanzaron al 90% en pol\u00edticas de primera infancia y al 52% en comedores comunitarios. En infraestructura, la obra p\u00fablica qued\u00f3 pr\u00e1cticamente paralizada.<\/p>\n\n\n\n<p>En contraste con este escenario de ajuste generalizado, la Secretar\u00eda de Inteligencia del Estado (Side), que depende de la Presidencia de la Naci\u00f3n, increment\u00f3 su presupuesto en un 52% respecto de 2023. En tanto, los servicios de la deuda p\u00fablica representan el 8% del gasto total y mantienen un peso significativo dentro de la estructura presupuestaria.<\/p>\n\n\n\n<p>En el detalle por organismos, el Cepa advierte recortes profundos en el sistema de salud: la Superintendencia de Servicios de Salud sufri\u00f3 una baja del 72%; los hospitales nacionales, entre el 20% y el 42%; el Instituto Malbr\u00e1n, un 26%; y la ANMAT, un 25%. La Agencia Nacional de Discapacidad registr\u00f3 una reducci\u00f3n del 16%, mientras que el Incucai fue una de las pocas excepciones, con un aumento del 24%.<\/p>\n\n\n\n<p>El ajuste tambi\u00e9n golpe\u00f3 de lleno al sector cient\u00edfico y tecnol\u00f3gico, con ca\u00eddas del 82% en el Programa de Promoci\u00f3n de la Investigaci\u00f3n e Innovaci\u00f3n, del 32% en el Conicet, del 34% en el Servicio Meteorol\u00f3gico Nacional y del 25% en el Servicio Geol\u00f3gico Minero Argentino, entre otros organismos.<\/p>\n\n\n\n<p>En materia de Seguridad Social, la ANSES mostr\u00f3 un recorte del 5%, mientras que la Secretar\u00eda Nacional de Ni\u00f1ez, Adolescencia y Familia y el INAES registraron disminuciones del 73%.<\/p>\n\n\n\n<p>Los programas de desarrollo social fueron de los m\u00e1s afectados: la Econom\u00eda Social y el Plan Nacional de Protecci\u00f3n Social quedaron virtualmente desfinanciados (-100%), el Plan Nacional de Primera Infancia cay\u00f3 un 90% y los comedores comunitarios y merenderos un 52%.<\/p>\n\n\n\n<p>El informe tambi\u00e9n se\u00f1ala fuertes recortes en el \u00e1rea productiva e industrial, con ca\u00eddas del 72% en la Secretar\u00eda de Industria y Desarrollo Productivo y del 41% tanto en el INTA como en el INTI. En energ\u00eda, se registraron ajustes significativos en la Comisi\u00f3n Nacional de Energ\u00eda At\u00f3mica (-42%), el ENARGAS (-32%) y el ENRE (-13%).<\/p>\n\n\n\n<p>Las fuerzas federales y las Fuerzas Armadas tampoco escaparon al ajuste: la Polic\u00eda Federal sufri\u00f3 una reducci\u00f3n del 31%, Gendarmer\u00eda y Prefectura Naval del 29%, y las Fuerzas Armadas recortes de entre el 18% y el 22%.<\/p>\n\n\n\n<p>En educaci\u00f3n, adem\u00e1s de la eliminaci\u00f3n de Conectar Igualdad y el incentivo docente, se registraron fuertes ca\u00eddas en infraestructura escolar, becas estudiantiles y fortalecimiento de jardines infantiles. En salud, varios programas de prevenci\u00f3n y atenci\u00f3n territorial quedaron pr\u00e1cticamente paralizados, aunque se destaca un leve incremento del 5% en el programa de acceso a medicamentos y tecnolog\u00eda m\u00e9dica.<\/p>\n\n\n\n<p>En transporte y obra p\u00fablica, la ejecuci\u00f3n presupuestaria fue m\u00ednima, con recortes de hasta el 100% en infraestructura municipal, rutas, puentes y obras viales. Finalmente, las transferencias del Tesoro Nacional a provincias y municipios tambi\u00e9n mostraron una fuerte contracci\u00f3n, con ca\u00eddas de hasta el 100% en algunos fondos espec\u00edficos.<\/p>\n\n\n\n<p>En conclusi\u00f3n, el Cepa sostiene que la administraci\u00f3n nacional atraviesa \u201cuna reducci\u00f3n marcada de su ejecuci\u00f3n presupuestaria\u201d, que afecta a programas clave de salud, educaci\u00f3n, desarrollo social, transporte y obra p\u00fablica, en un contexto econ\u00f3mico complejo, mientras se incrementa el gasto en inteligencia. El informe advierte que la magnitud del ajuste plantea \u201cun escenario de alta preocupaci\u00f3n\u201d sobre la continuidad de pol\u00edticas p\u00fablicas esenciales.<\/p>\n","protected":false},"excerpt":{"rendered":"<p>El gasto total del Estado nacional se redujo un 29% durante los primeros a\u00f1os de gesti\u00f3n del presidente Javier Milei, con fuertes recortes en \u00e1reas sensibles como salud, ciencia, educaci\u00f3n, obra p\u00fablica y pol\u00edticas de ni\u00f1ez, mientras que s\u00f3lo unos pocos rubros registraron aumentos, entre ellos el destinado a inteligencia. Los datos surgen de un [&hellip;]<\/p>\n","protected":false},"author":8,"featured_media":20685,"comment_status":"closed","ping_status":"open","sticky":false,"template":"","format":"standard","meta":{"tdm_status":"","tdm_grid_status":"","footnotes":""},"categories":[8],"tags":[3477,1093,102,3656],"class_list":{"0":"post-20684","1":"post","2":"type-post","3":"status-publish","4":"format-standard","5":"has-post-thumbnail","7":"category-politica","8":"tag-3477","9":"tag-gastos","10":"tag-milei","11":"tag-presupuesto"},"_links":{"self":[{"href":"https:\/\/www.noticiasmas.com.ar\/index.php\/wp-json\/wp\/v2\/posts\/20684","targetHints":{"allow":["GET"]}}],"collection":[{"href":"https:\/\/www.noticiasmas.com.ar\/index.php\/wp-json\/wp\/v2\/posts"}],"about":[{"href":"https:\/\/www.noticiasmas.com.ar\/index.php\/wp-json\/wp\/v2\/types\/post"}],"author":[{"embeddable":true,"href":"https:\/\/www.noticiasmas.com.ar\/index.php\/wp-json\/wp\/v2\/users\/8"}],"replies":[{"embeddable":true,"href":"https:\/\/www.noticiasmas.com.ar\/index.php\/wp-json\/wp\/v2\/comments?post=20684"}],"version-history":[{"count":1,"href":"https:\/\/www.noticiasmas.com.ar\/index.php\/wp-json\/wp\/v2\/posts\/20684\/revisions"}],"predecessor-version":[{"id":20686,"href":"https:\/\/www.noticiasmas.com.ar\/index.php\/wp-json\/wp\/v2\/posts\/20684\/revisions\/20686"}],"wp:featuredmedia":[{"embeddable":true,"href":"https:\/\/www.noticiasmas.com.ar\/index.php\/wp-json\/wp\/v2\/media\/20685"}],"wp:attachment":[{"href":"https:\/\/www.noticiasmas.com.ar\/index.php\/wp-json\/wp\/v2\/media?parent=20684"}],"wp:term":[{"taxonomy":"category","embeddable":true,"href":"https:\/\/www.noticiasmas.com.ar\/index.php\/wp-json\/wp\/v2\/categories?post=20684"},{"taxonomy":"post_tag","embeddable":true,"href":"https:\/\/www.noticiasmas.com.ar\/index.php\/wp-json\/wp\/v2\/tags?post=20684"}],"curies":[{"name":"wp","href":"https:\/\/api.w.org\/{rel}","templated":true}]}}