{"id":20746,"date":"2026-01-14T18:50:00","date_gmt":"2026-01-14T21:50:00","guid":{"rendered":"https:\/\/www.noticiasmas.com.ar\/?p=20746"},"modified":"2026-01-14T18:50:04","modified_gmt":"2026-01-14T21:50:04","slug":"una-opcion-para-disfrutar-el-verano-en-la-region-camping-municipal-fray-luis-beltran","status":"publish","type":"post","link":"https:\/\/www.noticiasmas.com.ar\/index.php\/2026\/01\/14\/una-opcion-para-disfrutar-el-verano-en-la-region-camping-municipal-fray-luis-beltran\/","title":{"rendered":"Una opci\u00f3n para disfrutar el verano en la regi\u00f3n: Camping Municipal Fray Luis Beltr\u00e1n"},"content":{"rendered":"\n<p>Emplazado en las barrancas del r\u00edo Paran\u00e1 y con una vista envidiable, la Municipalidad de Fray Luis Beltr\u00e1n posee un espacio para estar en contacto con la naturaleza a muy pocos minutos de la ciudad.<\/p>\n\n\n\n<p>Dotado de una frondosa y a\u00f1osa arboleda, parrilleros, sectores de camping y estacionamiento, un complejo de piletas como pocos en la regi\u00f3n y servicios, el Camping Municipal se ofrece como una alternativa tentadora y a costos muy accesibles.<\/p>\n\n\n\n<p>El complejo, durante la temporada estival, se encuentra abierto de martes a domingos, mientras que los d\u00edas lunes se cierra para un mantenimiento general.<\/p>\n\n\n\n<p>Para la Temporada 2026, el municipio fijo los siguientes valores:<\/p>\n\n\n\n<figure class=\"wp-block-image size-large\"><img loading=\"lazy\" decoding=\"async\" width=\"1024\" height=\"681\" src=\"https:\/\/www.noticiasmas.com.ar\/wp-content\/uploads\/2026\/01\/Camping-Municipal-de-Fray-Luis-Beltran-1-1024x681.jpg\" alt=\"\" class=\"wp-image-20747\" srcset=\"https:\/\/www.noticiasmas.com.ar\/wp-content\/uploads\/2026\/01\/Camping-Municipal-de-Fray-Luis-Beltran-1-1024x681.jpg 1024w, https:\/\/www.noticiasmas.com.ar\/wp-content\/uploads\/2026\/01\/Camping-Municipal-de-Fray-Luis-Beltran-1-300x200.jpg 300w, https:\/\/www.noticiasmas.com.ar\/wp-content\/uploads\/2026\/01\/Camping-Municipal-de-Fray-Luis-Beltran-1-768x511.jpg 768w, https:\/\/www.noticiasmas.com.ar\/wp-content\/uploads\/2026\/01\/Camping-Municipal-de-Fray-Luis-Beltran-1-150x100.jpg 150w, https:\/\/www.noticiasmas.com.ar\/wp-content\/uploads\/2026\/01\/Camping-Municipal-de-Fray-Luis-Beltran-1-696x463.jpg 696w, https:\/\/www.noticiasmas.com.ar\/wp-content\/uploads\/2026\/01\/Camping-Municipal-de-Fray-Luis-Beltran-1-1068x710.jpg 1068w, https:\/\/www.noticiasmas.com.ar\/wp-content\/uploads\/2026\/01\/Camping-Municipal-de-Fray-Luis-Beltran-1.jpg 1200w\" sizes=\"auto, (max-width: 1024px) 100vw, 1024px\" \/><\/figure>\n\n\n\n<p><strong>Martes a viernes<\/strong><br>Horario: 12:00 a 20:00 hs<\/p>\n\n\n\n<p><strong>Ingreso<\/strong><br><strong>Mayores (12 a\u00f1os):<\/strong><\/p>\n\n\n\n<ul class=\"wp-block-list\">\n<li>Con domicilio local: $5.000<\/li>\n\n\n\n<li>Sin domicilio local: $7.000<br><strong>Menores (6 a 12 a\u00f1os):<\/strong><\/li>\n\n\n\n<li>Con domicilio local: $4.000<\/li>\n\n\n\n<li>Sin domicilio local: $5.000<br><strong>Veh\u00edculos<\/strong><\/li>\n\n\n\n<li>Autos: $3.000<\/li>\n\n\n\n<li>Con domicilio local: $2.500<\/li>\n\n\n\n<li>Motos: $2.000<br><strong>Estad\u00eda<\/strong><\/li>\n\n\n\n<li>Carpas: $8.000<\/li>\n\n\n\n<li>Casa rodante: $11.500<br><\/li>\n\n\n\n<li><strong>S\u00e1bados, domingos y feriados<\/strong><\/li>\n\n\n\n<li>Horario: 10:00 a 20:00 hs<\/li>\n\n\n\n<li><strong>Ingreso<\/strong><\/li>\n\n\n\n<li><strong>Mayores (12 a\u00f1os):<\/strong><\/li>\n\n\n\n<li>Con domicilio local: $6.500<\/li>\n\n\n\n<li>Sin domicilio local: $11.000<br><strong>Menores (6 a 12 a\u00f1os):<\/strong><\/li>\n\n\n\n<li>Con domicilio local: $4.500<\/li>\n\n\n\n<li>Sin domicilio local: $6.500<br><strong>Veh\u00edculos<\/strong><\/li>\n\n\n\n<li>Autos: $4.000<\/li>\n\n\n\n<li>Motos: $3.000<br><strong>Estad\u00eda<\/strong><\/li>\n\n\n\n<li>Carpas: $8.000<\/li>\n\n\n\n<li>Casa rodante: $12.000<\/li>\n<\/ul>\n\n\n\n<p>Desde el Gobierno municipal recuerdan a los visitantes mantener el orden y la limpieza del predio. &#8220;Disfrutemos nuestro camping: cuidarlo es responsabilidad de todos&#8221;.<\/p>\n","protected":false},"excerpt":{"rendered":"<p>Emplazado en las barrancas del r\u00edo Paran\u00e1 y con una vista envidiable, la Municipalidad de Fray Luis Beltr\u00e1n posee un espacio para estar en contacto con la naturaleza a muy pocos minutos de la ciudad. Dotado de una frondosa y a\u00f1osa arboleda, parrilleros, sectores de camping y estacionamiento, un complejo de piletas como pocos en [&hellip;]<\/p>\n","protected":false},"author":5,"featured_media":20748,"comment_status":"closed","ping_status":"open","sticky":false,"template":"","format":"standard","meta":{"tdm_status":"","tdm_grid_status":"","footnotes":""},"categories":[13],"tags":[3547,335,6292],"class_list":{"0":"post-20746","1":"post","2":"type-post","3":"status-publish","4":"format-standard","5":"has-post-thumbnail","7":"category-region","8":"tag-camping-municipal","9":"tag-fray-luis-beltran","10":"tag-temporada-verano-2026"},"_links":{"self":[{"href":"https:\/\/www.noticiasmas.com.ar\/index.php\/wp-json\/wp\/v2\/posts\/20746","targetHints":{"allow":["GET"]}}],"collection":[{"href":"https:\/\/www.noticiasmas.com.ar\/index.php\/wp-json\/wp\/v2\/posts"}],"about":[{"href":"https:\/\/www.noticiasmas.com.ar\/index.php\/wp-json\/wp\/v2\/types\/post"}],"author":[{"embeddable":true,"href":"https:\/\/www.noticiasmas.com.ar\/index.php\/wp-json\/wp\/v2\/users\/5"}],"replies":[{"embeddable":true,"href":"https:\/\/www.noticiasmas.com.ar\/index.php\/wp-json\/wp\/v2\/comments?post=20746"}],"version-history":[{"count":1,"href":"https:\/\/www.noticiasmas.com.ar\/index.php\/wp-json\/wp\/v2\/posts\/20746\/revisions"}],"predecessor-version":[{"id":20749,"href":"https:\/\/www.noticiasmas.com.ar\/index.php\/wp-json\/wp\/v2\/posts\/20746\/revisions\/20749"}],"wp:featuredmedia":[{"embeddable":true,"href":"https:\/\/www.noticiasmas.com.ar\/index.php\/wp-json\/wp\/v2\/media\/20748"}],"wp:attachment":[{"href":"https:\/\/www.noticiasmas.com.ar\/index.php\/wp-json\/wp\/v2\/media?parent=20746"}],"wp:term":[{"taxonomy":"category","embeddable":true,"href":"https:\/\/www.noticiasmas.com.ar\/index.php\/wp-json\/wp\/v2\/categories?post=20746"},{"taxonomy":"post_tag","embeddable":true,"href":"https:\/\/www.noticiasmas.com.ar\/index.php\/wp-json\/wp\/v2\/tags?post=20746"}],"curies":[{"name":"wp","href":"https:\/\/api.w.org\/{rel}","templated":true}]}}