{"id":20786,"date":"2026-01-16T08:54:49","date_gmt":"2026-01-16T11:54:49","guid":{"rendered":"https:\/\/www.noticiasmas.com.ar\/?p=20786"},"modified":"2026-01-16T08:54:53","modified_gmt":"2026-01-16T11:54:53","slug":"los-carnavales-y-las-fiestas-regionales-impulsaron-el-turismo-en-la-primera-quincena-de-santa-fe-100-mil-turistas-se-movieron-por-la-provincia","status":"publish","type":"post","link":"https:\/\/www.noticiasmas.com.ar\/index.php\/2026\/01\/16\/los-carnavales-y-las-fiestas-regionales-impulsaron-el-turismo-en-la-primera-quincena-de-santa-fe-100-mil-turistas-se-movieron-por-la-provincia\/","title":{"rendered":"Los carnavales y las fiestas regionales impulsaron el turismo en la primera quincena de Santa Fe: 100 mil turistas se movieron por la provincia"},"content":{"rendered":"\n<p>Durante la primera quincena de enero, la actividad tur\u00edstica gener\u00f3 50.819 millones de pesos, con la visita de m\u00e1s de 100.700 turistas a las zonas ribere\u00f1as, ciudades y fiestas populares santafesinas, de acuerdo a los datos suministrados por el Observatorio Tur\u00edsticos Provincial.<\/p>\n\n\n\n<p>Al respecto, el ministro de Desarrollo Productivo de la Provincia, Gustavo Puccini, destac\u00f3 que los turistas \u201celijan a Rosario, a Santa Fe y que vengan a disfrutar de nuestras fiestas, que reflejan la identidad santafesina, es un orgullo pero tambi\u00e9n es el resultado del trabajo que venimos haciendo desde que asumimos para mejorar la seguridad en las grandes ciudades, y para potenciar esa Santa Fe tur\u00edstica que durante a\u00f1os estuvo postergada\u201d.<\/p>\n\n\n\n<p>\u201cEstamos apostando fuerte a mejorar la infraestructura vial y generar conexiones potenciando nuestros aeropuertos internacionales\u201d, precis\u00f3 el ministro, al tiempo que detall\u00f3 que \u201cla remodelaci\u00f3n del Aeropuerto Internacional de Rosario y la suma de destinos y frecuencias, potencian la llegada de extranjeros a nuestra provincia\u201d.<\/p>\n\n\n\n<p><strong>Los n\u00fameros del turismo<\/strong><\/p>\n\n\n\n<p>El informe detalla que la ocupaci\u00f3n hotelera promedio fue del 68 % en todo el territorio, y del 82,5 % en los complejos y caba\u00f1as de los r\u00edos Paran\u00e1, Carcara\u00f1\u00e1 y Lagunas, que registraron un pico del 89 % entre el 9 y 11 de enero. Estos n\u00fameros reflejan una tendencia sostenida desde fines de 2025, cuando trabajaron a tope de su capacidad.&nbsp;<\/p>\n\n\n\n<p>Adem\u00e1s, los turistas destinaron m\u00e1s de 4.050 millones para alojamiento y m\u00e1s de 26 mil millones de pesos en recreaci\u00f3n. En tanto, el impacto econ\u00f3mico de los visitantes no pernoctantes fue de m\u00e1s de $ 20 mil millones.<\/p>\n\n\n\n<p>Los datos demuestran el trabajo conjunto entre el sector p\u00fablico y el sector privado para sostener y potenciar la actividad tur\u00edstica en la provincia de Santa Fe, con eventos que fortalecen la identidad cultural de las localidades santafesinas y dinamizan las econom\u00edas locales.<\/p>\n\n\n\n<p><strong>Fiestas populares: turismo de cercan\u00eda<\/strong><\/p>\n\n\n\n<p>En el marco de la estrategia dise\u00f1ada por el Gobierno Provincial, a trav\u00e9s de la Secretar\u00eda de Turismo, para promocionar el turismo de cercan\u00eda, las fiestas populares y eventos culturales se consolidaron durante enero convocando a m\u00e1s de 250 mil personas, tanto santafesinos como turistas, transformando a la provincia de Santa Fe en un destino atractivo para los visitantes.<\/p>\n\n\n\n<p>El 3er Festival del Jaaukanig\u00e1s, que se realiz\u00f3 en el Anfiteatro Municipal de Reconquista, cont\u00f3 con la asistencia de m\u00e1s de 55.000 personas, lo que significo un crecimiento del 10 % respecto del 2025; dinamizando la econom\u00eda local a trav\u00e9s del comercio, la gastronom\u00eda y el alojamiento; y el 25\u00b0 Festival Provincial Nuestro Canto en Moussy-Avellaneda, de 11.000.<\/p>\n\n\n\n<p>El 40\u00b0 Festival Provincial del Pescador en Sauce Viejo cont\u00f3 con una asistencia de casi 30.000 personas, que congregaron a la localidad como un epicentro de la m\u00fasica popular y un referente para los amantes del folklore y las tradiciones locales.&nbsp;&nbsp;<\/p>\n\n\n\n<p>En tanto, que a la Fiesta de la Cerveza en San Carlos Centro asistieron 6.000 personas, al 130\u00b0 Aniversario Fundacional de Pueblo Esther, 10.000; al&nbsp; 14\u00ba Festival Internacional El Latinoamericano en Correa, 6.000; y la XVIII Fiesta Provincial de la Carne en Nelson, a mas de 4.500.<\/p>\n\n\n\n<p>Adem\u00e1s, contaron con gran afluencia de p\u00fablico la 16\u00b0 Gran Noche de Reyes en Totoras, con la presencia estelar de Luciano Pereyra; el 14\u00b0 Torneo de V\u00f3ley Playero \u201c24 Hs Sauce\u201d en San Jer\u00f3nimo del Sauce; el 13\u00b0 Festival de las Noches Verdes en Theobald; la Fiesta Regional de la Arena Blanca de Malabrigo; la 53\u00ba Edici\u00f3n Final\u00edsima del Chamam\u00e9 en Gobernador Crespo; y la fiesta del Verano en la Costa, en Cayast\u00e1; entre otras.<\/p>\n\n\n\n<p><strong>Fin de semana con diversidad de propuestas<\/strong><\/p>\n\n\n\n<p>Este fin de semana la provincia de Santa Fe tiene una diversa propuesta tur\u00edstica y cultural en distintas localidades, con fiestas populares, carnavales, festivales folkl\u00f3ricos, eventos gastron\u00f3micos y encuentros deportivos.<\/p>\n\n\n\n<p>La agenda comienza el viernes con la Fiesta del Deporte de Coronda, y contin\u00faa el fin de semana con las fiestas provinciales del Sol en Romang, del Queso en Progreso, de la Pizza Artesanal en Aurelia, del Islero en Santa Rosa de Calchines y del Cooperativismo en Sunchales; Barrancas Bajo las Estrellas; los festejos por el 147\u00b0 aniversario de Avellaneda; y el inicio de los carnavales en San Carlos Centro y Salto Grande.<\/p>\n\n\n\n<p>En la ciudad de Santa Fe se realizar\u00e1 el Festival Folkl\u00f3rico y Solidario de Guadalupe y la Fiesta Provincial de la Chopera, y el Tour Suramericano en la Estaci\u00f3n Belgrano.<\/p>\n\n\n\n<p><\/p>\n","protected":false},"excerpt":{"rendered":"<p>Durante la primera quincena de enero, la actividad tur\u00edstica gener\u00f3 50.819 millones de pesos, con la visita de m\u00e1s de 100.700 turistas a las zonas ribere\u00f1as, ciudades y fiestas populares santafesinas, de acuerdo a los datos suministrados por el Observatorio Tur\u00edsticos Provincial. Al respecto, el ministro de Desarrollo Productivo de la Provincia, Gustavo Puccini, destac\u00f3 [&hellip;]<\/p>\n","protected":false},"author":9,"featured_media":20791,"comment_status":"closed","ping_status":"open","sticky":false,"template":"","format":"standard","meta":{"tdm_status":"","tdm_grid_status":"","footnotes":""},"categories":[14],"tags":[2026,18,441],"class_list":{"0":"post-20786","1":"post","2":"type-post","3":"status-publish","4":"format-standard","5":"has-post-thumbnail","7":"category-provinciales","8":"tag-estadisticas","9":"tag-santa-fe","10":"tag-turismo"},"_links":{"self":[{"href":"https:\/\/www.noticiasmas.com.ar\/index.php\/wp-json\/wp\/v2\/posts\/20786","targetHints":{"allow":["GET"]}}],"collection":[{"href":"https:\/\/www.noticiasmas.com.ar\/index.php\/wp-json\/wp\/v2\/posts"}],"about":[{"href":"https:\/\/www.noticiasmas.com.ar\/index.php\/wp-json\/wp\/v2\/types\/post"}],"author":[{"embeddable":true,"href":"https:\/\/www.noticiasmas.com.ar\/index.php\/wp-json\/wp\/v2\/users\/9"}],"replies":[{"embeddable":true,"href":"https:\/\/www.noticiasmas.com.ar\/index.php\/wp-json\/wp\/v2\/comments?post=20786"}],"version-history":[{"count":1,"href":"https:\/\/www.noticiasmas.com.ar\/index.php\/wp-json\/wp\/v2\/posts\/20786\/revisions"}],"predecessor-version":[{"id":20792,"href":"https:\/\/www.noticiasmas.com.ar\/index.php\/wp-json\/wp\/v2\/posts\/20786\/revisions\/20792"}],"wp:featuredmedia":[{"embeddable":true,"href":"https:\/\/www.noticiasmas.com.ar\/index.php\/wp-json\/wp\/v2\/media\/20791"}],"wp:attachment":[{"href":"https:\/\/www.noticiasmas.com.ar\/index.php\/wp-json\/wp\/v2\/media?parent=20786"}],"wp:term":[{"taxonomy":"category","embeddable":true,"href":"https:\/\/www.noticiasmas.com.ar\/index.php\/wp-json\/wp\/v2\/categories?post=20786"},{"taxonomy":"post_tag","embeddable":true,"href":"https:\/\/www.noticiasmas.com.ar\/index.php\/wp-json\/wp\/v2\/tags?post=20786"}],"curies":[{"name":"wp","href":"https:\/\/api.w.org\/{rel}","templated":true}]}}