{"id":20830,"date":"2026-01-19T09:51:34","date_gmt":"2026-01-19T12:51:34","guid":{"rendered":"https:\/\/www.noticiasmas.com.ar\/?p=20830"},"modified":"2026-01-19T09:51:39","modified_gmt":"2026-01-19T12:51:39","slug":"como-todos-los-torneos-la-tv-publica-transmitira-los-partidos-de-argentina-en-el-mundial-2026","status":"publish","type":"post","link":"https:\/\/www.noticiasmas.com.ar\/index.php\/2026\/01\/19\/como-todos-los-torneos-la-tv-publica-transmitira-los-partidos-de-argentina-en-el-mundial-2026\/","title":{"rendered":"Como todos los torneos, la TV P\u00fablica transmitir\u00e1 los partidos de Argentina en el Mundial 2026"},"content":{"rendered":"\n<p>El Gobierno Nacional confirm\u00f3 que adquiri\u00f3 nuevamente los derechos televisivos para transmitir los partidos de la Selecci\u00f3n Argentina en el pr\u00f3ximo Mundial de Estados Unidos, M\u00e9xico y Canad\u00e1 2026. <\/p>\n\n\n\n<p>El jefe de gabinete, Manuel Adorni, confirm\u00f3 v\u00eda X que el gobierno complet\u00f3 la compra de los derechos televisivos que permitir\u00e1n a la se\u00f1al p\u00fablica televisar los encuentros de la selecci\u00f3n en la pr\u00f3xima Copa del Mundo, tal y como ocurre desde el Mundial 2010. <\/p>\n\n\n\n<p>&#8220;Gracias a un acuerdo comercial, el costo de los derechos de transmisi\u00f3n no ser\u00e1 afrontado con el dinero de los impuestos&#8221;, se\u00f1al\u00f3 el funcionario.<\/p>\n\n\n\n<p>Argentina debutar\u00e1 frente a Argelia el 16 de junio a las 22 horas, mientras que el pr\u00f3ximo partido ser\u00e1 frente a Austria, el 22 de junio a las 14 horas. El \u00faltimo partido con horario confirmado ser\u00e1 27 de junio a las 23 horas frente a Jordania, por la fecha 3 del grupo J.<\/p>\n","protected":false},"excerpt":{"rendered":"<p>El Gobierno Nacional confirm\u00f3 que adquiri\u00f3 nuevamente los derechos televisivos para transmitir los partidos de la Selecci\u00f3n Argentina en el pr\u00f3ximo Mundial de Estados Unidos, M\u00e9xico y Canad\u00e1 2026. El jefe de gabinete, Manuel Adorni, confirm\u00f3 v\u00eda X que el gobierno complet\u00f3 la compra de los derechos televisivos que permitir\u00e1n a la se\u00f1al p\u00fablica televisar [&hellip;]<\/p>\n","protected":false},"author":9,"featured_media":20831,"comment_status":"closed","ping_status":"open","sticky":false,"template":"","format":"standard","meta":{"tdm_status":"","tdm_grid_status":"","footnotes":""},"categories":[10],"tags":[46,4078],"class_list":{"0":"post-20830","1":"post","2":"type-post","3":"status-publish","4":"format-standard","5":"has-post-thumbnail","7":"category-deportes","8":"tag-futbol","9":"tag-mundial-2026"},"_links":{"self":[{"href":"https:\/\/www.noticiasmas.com.ar\/index.php\/wp-json\/wp\/v2\/posts\/20830","targetHints":{"allow":["GET"]}}],"collection":[{"href":"https:\/\/www.noticiasmas.com.ar\/index.php\/wp-json\/wp\/v2\/posts"}],"about":[{"href":"https:\/\/www.noticiasmas.com.ar\/index.php\/wp-json\/wp\/v2\/types\/post"}],"author":[{"embeddable":true,"href":"https:\/\/www.noticiasmas.com.ar\/index.php\/wp-json\/wp\/v2\/users\/9"}],"replies":[{"embeddable":true,"href":"https:\/\/www.noticiasmas.com.ar\/index.php\/wp-json\/wp\/v2\/comments?post=20830"}],"version-history":[{"count":1,"href":"https:\/\/www.noticiasmas.com.ar\/index.php\/wp-json\/wp\/v2\/posts\/20830\/revisions"}],"predecessor-version":[{"id":20832,"href":"https:\/\/www.noticiasmas.com.ar\/index.php\/wp-json\/wp\/v2\/posts\/20830\/revisions\/20832"}],"wp:featuredmedia":[{"embeddable":true,"href":"https:\/\/www.noticiasmas.com.ar\/index.php\/wp-json\/wp\/v2\/media\/20831"}],"wp:attachment":[{"href":"https:\/\/www.noticiasmas.com.ar\/index.php\/wp-json\/wp\/v2\/media?parent=20830"}],"wp:term":[{"taxonomy":"category","embeddable":true,"href":"https:\/\/www.noticiasmas.com.ar\/index.php\/wp-json\/wp\/v2\/categories?post=20830"},{"taxonomy":"post_tag","embeddable":true,"href":"https:\/\/www.noticiasmas.com.ar\/index.php\/wp-json\/wp\/v2\/tags?post=20830"}],"curies":[{"name":"wp","href":"https:\/\/api.w.org\/{rel}","templated":true}]}}