{"id":20837,"date":"2026-01-20T10:03:44","date_gmt":"2026-01-20T13:03:44","guid":{"rendered":"https:\/\/www.noticiasmas.com.ar\/?p=20837"},"modified":"2026-01-20T10:03:49","modified_gmt":"2026-01-20T13:03:49","slug":"pullaro-aseguro-que-las-clases-van-a-comenzar-a-tiempo-mientras-se-espera-la-paritaria-docente","status":"publish","type":"post","link":"https:\/\/www.noticiasmas.com.ar\/index.php\/2026\/01\/20\/pullaro-aseguro-que-las-clases-van-a-comenzar-a-tiempo-mientras-se-espera-la-paritaria-docente\/","title":{"rendered":"Pullaro asegur\u00f3 que las clases \u201cvan a comenzar\u201d a tiempo mientras se espera la paritaria docente"},"content":{"rendered":"\n<p>El gobierno de Santa Fe comenz\u00f3 a delinear la convocatoria a la discusi\u00f3n paritaria con los gremios docentes, con la expectativa de que el ciclo lectivo 2026 se inicie el 2 de marzo. Si bien a\u00fan no hay una fecha definida para el llamado formal, el gobernador Maximiliano Pullaro asegur\u00f3 que \u201chabr\u00e1 una convocatoria como todos los a\u00f1os para avanzar en el acuerdo\u201d y garantiz\u00f3 el normal comienzo de las clases.<\/p>\n\n\n\n<p>Las declaraciones se dieron durante una recorrida por las obras de remodelaci\u00f3n de la escuela Normal N\u00ba 1 de Rosario, donde el mandatario afirm\u00f3 que \u201clas clases est\u00e1n garantizadas, van a empezar en tiempo y forma\u201d. En la misma l\u00ednea, el ministro de Educaci\u00f3n, Jos\u00e9 Goity, subray\u00f3 que la prioridad del Ejecutivo provincial es \u201cque las clases sean regulares\u201d, al remarcar que \u201ctodo tiene sentido si los chicos est\u00e1n aprendiendo y los docentes ense\u00f1ando\u201d.<\/p>\n\n\n\n<p>Pullaro tambi\u00e9n puso el foco en la calidad educativa y adelant\u00f3 que en el pr\u00f3ximo mes se conocer\u00e1n los resultados de las evaluaciones de lectura realizadas en el marco del Plan de Alfabetizaci\u00f3n Santafesino Ra\u00edz. \u201cPor primera vez se hizo un seguimiento de cada ni\u00f1o, lo que nos permiti\u00f3 saber c\u00f3mo le\u00eda hace dos a\u00f1os y c\u00f3mo lee hoy\u201d, sostuvo, y destac\u00f3 el impacto que tendr\u00e1 esa informaci\u00f3n en las pol\u00edticas educativas. En ese contexto, reconoci\u00f3 el esfuerzo de toda la comunidad educativa y su incidencia en los aprendizajes a lo largo de la trayectoria escolar.<\/p>\n\n\n\n<p>La recorrida incluy\u00f3 la participaci\u00f3n del intendente de Rosario, Pablo Javkin; la rectora del establecimiento, Stella Franco; y la secretaria general del Ministerio de Educaci\u00f3n, Mar\u00eda Mart\u00edn. Franco destac\u00f3 que la obra \u201cera muy esperada\u201d por la comunidad educativa y remarc\u00f3 que la reparaci\u00f3n integral del edificio \u201cimpactar\u00e1 de lleno en la calidad de los aprendizajes\u201d.<\/p>\n\n\n\n<p><strong>Las obras en el Normal N\u00ba 1<\/strong><br>Con una inversi\u00f3n de 1.500 millones de pesos y un plazo de ejecuci\u00f3n de 270 d\u00edas, avanzan las tareas de puesta en valor y remodelaci\u00f3n de la escuela Normal N\u00ba 1 \u201cNicol\u00e1s Avellaneda\u201d, ubicada en Entre R\u00edos al 1100, una instituci\u00f3n que recibe diariamente a unos 3.000 estudiantes y 1.000 docentes, asistentes escolares y autoridades.<\/p>\n\n\n\n<p>Los trabajos comenzaron el 5 de enero en el marco del programa Abre Escuela y se desarrollan de manera sostenida con tres cuadrillas que intervienen en sanitarios, pisos y azoteas. Entre las principales obras se destaca la instalaci\u00f3n de un nuevo sistema de desag\u00fces pluviales, que reemplazar\u00e1 a las antiguas canaletas embutidas, adem\u00e1s de la desobstrucci\u00f3n de c\u00e1maras existentes y la ejecuci\u00f3n de nuevas, para optimizar la evacuaci\u00f3n del agua.<\/p>\n\n\n\n<p>Tambi\u00e9n se realizan mejoras en el patio de ingreso y los playones, donde hist\u00f3ricamente se acumulaba agua en los d\u00edas de lluvia, dificultando la circulaci\u00f3n. A esto se suman intervenciones en las fachadas, el gimnasio soterrado, el auditorio y el patio de la cantina.<\/p>\n\n\n\n<p>Al respecto, Goity explic\u00f3 que se trata de una obra de gran escala orientada a recuperar edificios educativos emblem\u00e1ticos y centenarios. Se\u00f1al\u00f3 adem\u00e1s que este tipo de intervenciones integrales forman parte de un programa espec\u00edfico dentro de la inversi\u00f3n general que la provincia lleva adelante en establecimientos educativos de todo el territorio. En ese marco, mencion\u00f3 trabajos en las escuelas Comercial, Nacional y Normal de la ciudad de Santa Fe, y obras previstas en el Normal N\u00ba 3 de Rosario y en el Normal de Esperanza.<\/p>\n\n\n\n<p><strong>Infraestructura escolar<\/strong><br>Durante la recorrida, Pullaro destac\u00f3 que el Gobierno provincial avanza con reparaciones integrales en seis edificios hist\u00f3ricos, adem\u00e1s de obras de menor escala en numerosos establecimientos. Record\u00f3 que al inicio de su gesti\u00f3n se encontraron con \u201cinfraestructura escolar en muy malas condiciones\u201d, incluso con ca\u00f1er\u00edas de m\u00e1s de un siglo de antig\u00fcedad, que actualmente est\u00e1n siendo reemplazadas.<\/p>\n\n\n\n<p>El gobernador tambi\u00e9n se\u00f1al\u00f3 que exist\u00edan escuelas donde se dictaban clases en comedores o bibliotecas, y valor\u00f3 el programa Mil Aulas como respuesta a la expansi\u00f3n de la matr\u00edcula escolar en a\u00f1os anteriores. En ese sentido, precis\u00f3 que la mayor\u00eda de las 250 escuelas que en 2022 no contaban con calefacci\u00f3n ya resolvieron esa situaci\u00f3n.<\/p>\n\n\n\n<p>Finalmente, Pullaro remarc\u00f3 que la infraestructura escolar es un componente clave para mejorar la calidad educativa y reafirm\u00f3 el compromiso del Ejecutivo provincial de \u201cavanzar todos los d\u00edas para que las escuelas de Santa Fe cuenten con edificios adecuados y en las mejores condiciones\u201d, poniendo en valor el esfuerzo sostenido de la comunidad educativa.<\/p>\n","protected":false},"excerpt":{"rendered":"<p>El gobierno de Santa Fe comenz\u00f3 a delinear la convocatoria a la discusi\u00f3n paritaria con los gremios docentes, con la expectativa de que el ciclo lectivo 2026 se inicie el 2 de marzo. Si bien a\u00fan no hay una fecha definida para el llamado formal, el gobernador Maximiliano Pullaro asegur\u00f3 que \u201chabr\u00e1 una convocatoria como [&hellip;]<\/p>\n","protected":false},"author":8,"featured_media":20838,"comment_status":"closed","ping_status":"open","sticky":false,"template":"","format":"standard","meta":{"tdm_status":"","tdm_grid_status":"","footnotes":""},"categories":[8],"tags":[6319,149,1365,36],"class_list":{"0":"post-20837","1":"post","2":"type-post","3":"status-publish","4":"format-standard","5":"has-post-thumbnail","7":"category-politica","8":"tag-docente","9":"tag-educacion","10":"tag-paritaria","11":"tag-pullaro"},"_links":{"self":[{"href":"https:\/\/www.noticiasmas.com.ar\/index.php\/wp-json\/wp\/v2\/posts\/20837","targetHints":{"allow":["GET"]}}],"collection":[{"href":"https:\/\/www.noticiasmas.com.ar\/index.php\/wp-json\/wp\/v2\/posts"}],"about":[{"href":"https:\/\/www.noticiasmas.com.ar\/index.php\/wp-json\/wp\/v2\/types\/post"}],"author":[{"embeddable":true,"href":"https:\/\/www.noticiasmas.com.ar\/index.php\/wp-json\/wp\/v2\/users\/8"}],"replies":[{"embeddable":true,"href":"https:\/\/www.noticiasmas.com.ar\/index.php\/wp-json\/wp\/v2\/comments?post=20837"}],"version-history":[{"count":1,"href":"https:\/\/www.noticiasmas.com.ar\/index.php\/wp-json\/wp\/v2\/posts\/20837\/revisions"}],"predecessor-version":[{"id":20839,"href":"https:\/\/www.noticiasmas.com.ar\/index.php\/wp-json\/wp\/v2\/posts\/20837\/revisions\/20839"}],"wp:featuredmedia":[{"embeddable":true,"href":"https:\/\/www.noticiasmas.com.ar\/index.php\/wp-json\/wp\/v2\/media\/20838"}],"wp:attachment":[{"href":"https:\/\/www.noticiasmas.com.ar\/index.php\/wp-json\/wp\/v2\/media?parent=20837"}],"wp:term":[{"taxonomy":"category","embeddable":true,"href":"https:\/\/www.noticiasmas.com.ar\/index.php\/wp-json\/wp\/v2\/categories?post=20837"},{"taxonomy":"post_tag","embeddable":true,"href":"https:\/\/www.noticiasmas.com.ar\/index.php\/wp-json\/wp\/v2\/tags?post=20837"}],"curies":[{"name":"wp","href":"https:\/\/api.w.org\/{rel}","templated":true}]}}