{"id":20846,"date":"2026-01-20T14:00:53","date_gmt":"2026-01-20T17:00:53","guid":{"rendered":"https:\/\/www.noticiasmas.com.ar\/?p=20846"},"modified":"2026-01-20T14:00:57","modified_gmt":"2026-01-20T17:00:57","slug":"santa-fe-confirmo-dos-casos-de-gripe-a-h3n2-con-antecedente-de-viaje","status":"publish","type":"post","link":"https:\/\/www.noticiasmas.com.ar\/index.php\/2026\/01\/20\/santa-fe-confirmo-dos-casos-de-gripe-a-h3n2-con-antecedente-de-viaje\/","title":{"rendered":"Santa Fe confirm\u00f3 dos casos de gripe A H3N2 con antecedente de viaje"},"content":{"rendered":"\n<p>El Ministerio de Salud de la Provincia de Santa Fe confirm\u00f3 la detecci\u00f3n de dos casos de gripe A H3N2, correspondientes al subclado K (linaje J.2.4.1), identificados a trav\u00e9s de la red de laboratorios y del sistema de vigilancia epidemiol\u00f3gica. Ambos pacientes presentaron antecedentes de viaje y, hasta el momento, no se verific\u00f3 circulaci\u00f3n comunitaria del virus en el territorio provincial.<\/p>\n\n\n\n<p><br>La confirmaci\u00f3n se inscribe en el monitoreo permanente que lleva adelante la provincia, una estrategia que permite detectar y caracterizar en tiempo real la circulaci\u00f3n de virus respiratorios. A nivel nacional, la positividad para este tipo de infecciones se mantiene estable, con una predominancia creciente de Influenza A (H3N2), un comportamiento esperado para esta \u00e9poca del a\u00f1o, en el marco de la desestacionalizaci\u00f3n registrada en el per\u00edodo pospandemia.<\/p>\n\n\n\n<p><br>En este escenario, las autoridades sanitarias subrayaron la importancia central de la vacunaci\u00f3n antigripal, en especial ante la ca\u00edda de las coberturas registrada a nivel internacional. La vacuna disponible contin\u00faa ofreciendo una protecci\u00f3n efectiva frente a las formas graves de la enfermedad y reduce de manera significativa el riesgo de hospitalizaci\u00f3n y de complicaciones asociadas.<\/p>\n\n\n\n<p><br>La recomendaci\u00f3n oficial, en l\u00ednea con la Organizaci\u00f3n Panamericana de la Salud (OPS), es que se vacunen los grupos priorizados: personas mayores de 65 a\u00f1os; embarazadas y pu\u00e9rperas; ni\u00f1os y ni\u00f1as de entre 6 meses y 2 a\u00f1os; personal de salud; y personas de entre 2 y 65 a\u00f1os con factores de riesgo, como enfermedades cr\u00f3nicas, obesidad, diabetes o patolog\u00edas respiratorias y cardiovasculares.<br>Asimismo, se record\u00f3 que la vacuna antigripal no provoca cuadros graves de gripe y que los eventuales efectos adversos suelen ser leves y transitorios, con riesgos muy inferiores a los que implica contraer la enfermedad sin protecci\u00f3n inmunol\u00f3gica.<\/p>\n\n\n\n<p><br>Por \u00faltimo, se inform\u00f3 que la campa\u00f1a de vacunaci\u00f3n antigripal 2026 se pondr\u00e1 en marcha, como es habitual, entre marzo y abril. No obstante, las autoridades eval\u00faan adelantar la inmunizaci\u00f3n de los grupos de riesgo de acuerdo con la evoluci\u00f3n epidemiol\u00f3gica y la disponibilidad de nuevas dosis.<br>Desde el Ministerio de Salud remarcaron que Santa Fe continuar\u00e1 fortaleciendo la vigilancia epidemiol\u00f3gica y la comunicaci\u00f3n responsable, con el objetivo de cuidar la salud de la poblaci\u00f3n, prevenir cuadros graves y evitar alarmas innecesarias, promoviendo la vacunaci\u00f3n y las medidas de cuidado habituales como herramientas clave de protecci\u00f3n colectiva<\/p>\n","protected":false},"excerpt":{"rendered":"<p>El Ministerio de Salud de la Provincia de Santa Fe confirm\u00f3 la detecci\u00f3n de dos casos de gripe A H3N2, correspondientes al subclado K (linaje J.2.4.1), identificados a trav\u00e9s de la red de laboratorios y del sistema de vigilancia epidemiol\u00f3gica. Ambos pacientes presentaron antecedentes de viaje y, hasta el momento, no se verific\u00f3 circulaci\u00f3n comunitaria [&hellip;]<\/p>\n","protected":false},"author":9,"featured_media":20847,"comment_status":"closed","ping_status":"open","sticky":false,"template":"","format":"standard","meta":{"tdm_status":"","tdm_grid_status":"","footnotes":""},"categories":[14],"tags":[6322,632,53,18],"class_list":{"0":"post-20846","1":"post","2":"type-post","3":"status-publish","4":"format-standard","5":"has-post-thumbnail","7":"category-provinciales","8":"tag-gripe-a","9":"tag-ministerio-de-salud","10":"tag-salud","11":"tag-santa-fe"},"_links":{"self":[{"href":"https:\/\/www.noticiasmas.com.ar\/index.php\/wp-json\/wp\/v2\/posts\/20846","targetHints":{"allow":["GET"]}}],"collection":[{"href":"https:\/\/www.noticiasmas.com.ar\/index.php\/wp-json\/wp\/v2\/posts"}],"about":[{"href":"https:\/\/www.noticiasmas.com.ar\/index.php\/wp-json\/wp\/v2\/types\/post"}],"author":[{"embeddable":true,"href":"https:\/\/www.noticiasmas.com.ar\/index.php\/wp-json\/wp\/v2\/users\/9"}],"replies":[{"embeddable":true,"href":"https:\/\/www.noticiasmas.com.ar\/index.php\/wp-json\/wp\/v2\/comments?post=20846"}],"version-history":[{"count":1,"href":"https:\/\/www.noticiasmas.com.ar\/index.php\/wp-json\/wp\/v2\/posts\/20846\/revisions"}],"predecessor-version":[{"id":20848,"href":"https:\/\/www.noticiasmas.com.ar\/index.php\/wp-json\/wp\/v2\/posts\/20846\/revisions\/20848"}],"wp:featuredmedia":[{"embeddable":true,"href":"https:\/\/www.noticiasmas.com.ar\/index.php\/wp-json\/wp\/v2\/media\/20847"}],"wp:attachment":[{"href":"https:\/\/www.noticiasmas.com.ar\/index.php\/wp-json\/wp\/v2\/media?parent=20846"}],"wp:term":[{"taxonomy":"category","embeddable":true,"href":"https:\/\/www.noticiasmas.com.ar\/index.php\/wp-json\/wp\/v2\/categories?post=20846"},{"taxonomy":"post_tag","embeddable":true,"href":"https:\/\/www.noticiasmas.com.ar\/index.php\/wp-json\/wp\/v2\/tags?post=20846"}],"curies":[{"name":"wp","href":"https:\/\/api.w.org\/{rel}","templated":true}]}}