{"id":20857,"date":"2026-01-20T18:05:09","date_gmt":"2026-01-20T21:05:09","guid":{"rendered":"https:\/\/www.noticiasmas.com.ar\/?p=20857"},"modified":"2026-01-20T18:05:13","modified_gmt":"2026-01-20T21:05:13","slug":"la-intersindical-nucleada-en-cgt-rosario-rechazo-de-forma-contundente-el-proyecto-de-reforma-laboral-del-gobierno-de-milei","status":"publish","type":"post","link":"https:\/\/www.noticiasmas.com.ar\/index.php\/2026\/01\/20\/la-intersindical-nucleada-en-cgt-rosario-rechazo-de-forma-contundente-el-proyecto-de-reforma-laboral-del-gobierno-de-milei\/","title":{"rendered":"LA INTERSINDICAL NUCLEADA EN CGT ROSARIO RECHAZ\u00d3 DE FORMA CONTUNDENTE EL PROYECTO DE REFORMA LABORAL DEL GOBIERNO DE MILEI"},"content":{"rendered":"\n<p>La sesi\u00f3n para darle media sanci\u00f3n al proyecto de Reforma laboral \u2013 presentado por el gobierno nacional como de modernizaci\u00f3n laboral- ya tendr\u00eda fecha de aprobaci\u00f3n. Se dej\u00f3 correr el rumor que los libertarios ven el 11 de febrero como d\u00eda posible y luego bajar el expediente a diputados.<\/p>\n\n\n\n<p>El gobierno de Milei, en ese sentido, intenta que trascienda por medios amigos que la \u201ccosa vendr\u00e1 f\u00e1cil\u201d. Ahora, la CGT nacional ya avis\u00f3 que hablar\u00e1 con gobernadores para cambiarles los planes al gobierno.<\/p>\n\n\n\n<p>En tanto, en Rosario los gremios nucleados en la Intersindical que adem\u00e1s comulgan en la central obrera local se expresaron al respecto.<\/p>\n\n\n\n<p>Entre dichas entidades gremiales aparecen sindicatos fuertes como Luz y Fuerza, Bancarios, Municipales, Correo, Judiciales de Santa Fe, Atsa Rosario, Sadop y Apel.<\/p>\n\n\n\n<p>Mart\u00edn Lucero, secretario General de Sadop Rosario y Adjunto de la CGT, indic\u00f3 de forma tajante, que \u201cesta reforma laboral no representa ning\u00fan avance para el mundo del trabajo\u201d.<\/p>\n\n\n\n<p>Para el dirigente gremial, la iniciativa, \u201ces un ataque directo para los trabajadores que est\u00e1n registrados que van a perder un mont\u00f3n de derechos. Es un ataque para la representaci\u00f3n sindical para que los trabajadores pierdan derechos y respecto de las modalidades contractuales y las nuevas formas de producci\u00f3n de bienes y servicios no genera ninguna garant\u00eda de que vayan a progresar en el tiempo en su trabajo\u201d, se\u00f1al\u00f3.<\/p>\n\n\n\n<p>En este \u00faltimo punto respecto de nuevas formas de producci\u00f3n se posicion\u00f3 en relaci\u00f3n a la regulaci\u00f3n de trabajos por plataformas y ah\u00ed evalu\u00f3 que, \u201ces una regulaci\u00f3n que de alguna manera pone en igualdad de condiciones al due\u00f1o de Rapi con el compa\u00f1ero que trabaja arriba de una moto\u201d. \u201cPor eso creemos que este proyecto es una precarizaci\u00f3n laboral encubierta y como el secretario general de la CGT Rosario, Miguel Vivas si siguen adelante con esto el nivel de conflictividad va a seguir aumentando&#8221;, concluy\u00f3 Lucero.<\/p>\n\n\n\n<p>Por su parte, Alberto Botto, titular de Luz y Fuerza Rosario indic\u00f3 respecto de la iniciativa mencionada que, \u201cla palabra reforma es un t\u00e9rmino elegante para definir este nuevo proceso de ajuste que quiere llevar el gobierno nacional sobre el sector del trabajo, salarios din\u00e1micos, se eliminan las paritarias, se eliminan las jornadas de ocho horas, el banco de horas es para no tener que pagar los excedentes que demandan las dimensiones de jornadas que hoy se realizan por necesidad, el no pago de indemnizaciones, las rebajas a los aportes sociales previsionales de parte de las patronales que tiene que ver con bajar los aportes que se hacen a las obras sociales y eso va a impedir dar salud de calidad que se brinda a la familia trabajadora, son algunos de los ejemplos claros de que esto no conduce a un buen camino\u201d.<\/p>\n\n\n\n<p>Asimismo, agreg\u00f3 que, \u201csi esto prospera va a ser muy malo para los trabajadores porque vamos a quedar muy desprotegidos y podr\u00edamos decir que vamos a volver a una etapa donde hab\u00eda trabajo esclavo en la Argentina\u201d.<\/p>\n\n\n\n<p>Respecto de la posici\u00f3n de la CGT nacional record\u00f3 que, \u201cya marc\u00f3 su posici\u00f3n de rechazo a esta mal llamada reforma y as\u00ed tambi\u00e9n lo hizo el secretario general de la CGT Rosario, Miguel Vivas, con quien estamos absolutamente de acuerdo y las fuerzas pol\u00edticas deber\u00e1n jugar un rol fundamental en todo esto, quienes son afines seguro lo van a ser y los sectores que no son tan afines a los trabajadores tendr\u00e1n tambi\u00e9n que pensar su voto porque el ajuste no se puede ir sosteniendo en el tiempo y esto va a generar graves perjuicios en las econom\u00edas regionales\u201d. \u201cEstas leyes no son para generar trabajo sino para seguir ajustando al pueblo argentino\u201d, culmin\u00f3.<\/p>\n\n\n\n<p>Tambi\u00e9n reflexion\u00f3 sobre la norma en debate el Secretario General de La Bancaria Rosario Sergio Rivolta, expresando en primer lugar el rechazo. \u201cEsto no es un proyecto de reforma laboral sino es una regresi\u00f3n de derechos laborales para los trabajadores, es un proyecto que nos hace viajar al pasado, al pre peronismo donde los trabajadores eran una mera mercanc\u00eda y la verdad que trabajaban en condiciones de casi esclavos, sin vacaciones ni aguinaldo, con jornadas extendidas de m\u00e1s s de ocho horas, por lo tanto, este sindicato como parte de la CGT Rosario fija una posici\u00f3n contrariamente a esta reforma\u201d. Adem\u00e1s agreg\u00f3 que, \u201cjunto a la CGT llevaremos adelante acciones gremiales ya sean sectoriales, nacionales, y con di\u00e1logo y definiciones pol\u00edticas junto con los sectores que rechazan esta ley y el pueblo en su conjunto nos encontrar\u00e1 en la calle\u201d.<\/p>\n\n\n\n<p>Walter Palombi, Titular del Sindicato de Correo de Rosario estim\u00f3 que, \u201clo que viene a hacer esta reforma laboral es terminar con las condiciones de trabajo y precarizar a\u00fan m\u00e1s y no generar ning\u00fan puesto de trabajo sino lo que va a hacer es servirle a los empresarios fundamentalmente la posibilidad de seguir precarizando a los trabajadores por eso nosotros siguiendo el lineamiento de nuestro compa\u00f1ero de la CGT Rosario, Miguel Vivas estamos abierto al di\u00e1logo pero si quieren quilombo va a haber quilombo y en ese sentido estamos convencidos que hay que hacer una fuerte movilizaci\u00f3n el d\u00eda que se trate, tiene que ser paro con movilizaci\u00f3n para enfrentar en la calle esto que viene a destruir nuestra historia que es la historia de los trabajadores y las trabajadoras\u201d.<\/p>\n\n\n\n<p>A su turno, Jorge Perlo, Secretario Ejecutivo del Sindicato de Trabajadores Judiciales de Santa Fe opin\u00f3 que, \u201cesta reforma es totalmente regresiva y esclavizante. Elimina derechos hist\u00f3ricos como la estabilidad, la indemnizaci\u00f3n y la protecci\u00f3n frente al despido arbitrario dejando a los trabajadores totalmente desamparados otorg\u00e1ndole todo el poder a la patronal, rompiendo cualquier equilibrio en la relaci\u00f3n laboral y convierte al trabajador registrado o no en una pieza descartable\u201d.<\/p>\n\n\n\n<p>En tanto agreg\u00f3 que el proyecto , \u201cpromueve m\u00e1s precarizaci\u00f3n, el miedo porque un trabajador sin derechos no puede reclamar, organizarse, proyectar una vida digna y esta reforma solo puede funcionar si los sindicatos son debilitados, un trabajador sin sindicato es un trabajador sin defensa y eso no es libertad, es sometimiento\u201d, dijo y apunt\u00f3 que, \u201ccuando un gobierno concentra poder y reduce derechos necesita trabajadores aislados, no organizados y el sindicato molesta porque une, da voz y evita que cada trabajador negocie en soledad y como dijera el Papa Francisco el trabajo es con derechos o es esclavo\u201d, exclam\u00f3.<\/p>\n\n\n\n<p><\/p>\n","protected":false},"excerpt":{"rendered":"<p>La sesi\u00f3n para darle media sanci\u00f3n al proyecto de Reforma laboral \u2013 presentado por el gobierno nacional como de modernizaci\u00f3n laboral- ya tendr\u00eda fecha de aprobaci\u00f3n. Se dej\u00f3 correr el rumor que los libertarios ven el 11 de febrero como d\u00eda posible y luego bajar el expediente a diputados. El gobierno de Milei, en ese [&hellip;]<\/p>\n","protected":false},"author":5,"featured_media":20858,"comment_status":"closed","ping_status":"open","sticky":false,"template":"","format":"standard","meta":{"tdm_status":"","tdm_grid_status":"","footnotes":""},"categories":[13],"tags":[6030,617,3850,5940,163],"class_list":{"0":"post-20857","1":"post","2":"type-post","3":"status-publish","4":"format-standard","5":"has-post-thumbnail","7":"category-region","8":"tag-cgt-rosario","9":"tag-gremios","10":"tag-intersindical","11":"tag-rechazo-a-la-reforma-laboral","12":"tag-rosario"},"_links":{"self":[{"href":"https:\/\/www.noticiasmas.com.ar\/index.php\/wp-json\/wp\/v2\/posts\/20857","targetHints":{"allow":["GET"]}}],"collection":[{"href":"https:\/\/www.noticiasmas.com.ar\/index.php\/wp-json\/wp\/v2\/posts"}],"about":[{"href":"https:\/\/www.noticiasmas.com.ar\/index.php\/wp-json\/wp\/v2\/types\/post"}],"author":[{"embeddable":true,"href":"https:\/\/www.noticiasmas.com.ar\/index.php\/wp-json\/wp\/v2\/users\/5"}],"replies":[{"embeddable":true,"href":"https:\/\/www.noticiasmas.com.ar\/index.php\/wp-json\/wp\/v2\/comments?post=20857"}],"version-history":[{"count":1,"href":"https:\/\/www.noticiasmas.com.ar\/index.php\/wp-json\/wp\/v2\/posts\/20857\/revisions"}],"predecessor-version":[{"id":20859,"href":"https:\/\/www.noticiasmas.com.ar\/index.php\/wp-json\/wp\/v2\/posts\/20857\/revisions\/20859"}],"wp:featuredmedia":[{"embeddable":true,"href":"https:\/\/www.noticiasmas.com.ar\/index.php\/wp-json\/wp\/v2\/media\/20858"}],"wp:attachment":[{"href":"https:\/\/www.noticiasmas.com.ar\/index.php\/wp-json\/wp\/v2\/media?parent=20857"}],"wp:term":[{"taxonomy":"category","embeddable":true,"href":"https:\/\/www.noticiasmas.com.ar\/index.php\/wp-json\/wp\/v2\/categories?post=20857"},{"taxonomy":"post_tag","embeddable":true,"href":"https:\/\/www.noticiasmas.com.ar\/index.php\/wp-json\/wp\/v2\/tags?post=20857"}],"curies":[{"name":"wp","href":"https:\/\/api.w.org\/{rel}","templated":true}]}}