{"id":20863,"date":"2026-01-20T18:23:42","date_gmt":"2026-01-20T21:23:42","guid":{"rendered":"https:\/\/www.noticiasmas.com.ar\/?p=20863"},"modified":"2026-01-20T18:23:46","modified_gmt":"2026-01-20T21:23:46","slug":"fray-luis-beltran-la-colonia-de-verano-planta-arboles-en-el-camping-municipal","status":"publish","type":"post","link":"https:\/\/www.noticiasmas.com.ar\/index.php\/2026\/01\/20\/fray-luis-beltran-la-colonia-de-verano-planta-arboles-en-el-camping-municipal\/","title":{"rendered":"Fray Luis Beltr\u00e1n: La Colonia de Verano planta \u00e1rboles en el Camping Municipal"},"content":{"rendered":"\n<p>En el d\u00eda de hoy, alumnos y alumnas de la Colonia de Verano, que se desarrolla en el Camping Municipal y es llevada adelante por la Municipalidad de Fray Luis Beltr\u00e1n junto al Gobierno de la Provincia de Santa Fe, participaron de una jornada de plantaci\u00f3n de \u00e1rboles en el predio.<\/p>\n\n\n\n<p>La actividad de forestaci\u00f3n se enmarca en una pol\u00edtica ambiental impulsada por el intendente Mariano Cominelli y articulada por la concejala Mariana C\u00f3rdoba, quien viene promoviendo este tipo de acciones en distintos sectores de la ciudad y junto a diversas instituciones. En esta oportunidad, la concejala Mariana C\u00f3rdoba estuvo presente acompa\u00f1ando la jornada.<\/p>\n\n\n\n<p>Participaron tambi\u00e9n el secretario de Deportes, Juan Pablo Rosso, y el profesor a cargo de la Colonia de Verano, Ivo Loncaric, junto a los docentes y alumnos, quienes fueron protagonistas de una actividad educativa orientada al cuidado del ambiente.<\/p>\n\n\n\n<p>Cabe destacar que los \u00e1rboles plantados fueron donados por la Escuela de Taller \u201cDomingo Borgui\u201d, reforzando el trabajo articulado entre instituciones educativas y el Estado local.<\/p>\n\n\n\n<figure class=\"wp-block-image size-large\"><img loading=\"lazy\" decoding=\"async\" width=\"1024\" height=\"683\" src=\"https:\/\/www.noticiasmas.com.ar\/wp-content\/uploads\/2026\/01\/plantacion-2-1024x683.jpg\" alt=\"\" class=\"wp-image-20864\" srcset=\"https:\/\/www.noticiasmas.com.ar\/wp-content\/uploads\/2026\/01\/plantacion-2-1024x683.jpg 1024w, https:\/\/www.noticiasmas.com.ar\/wp-content\/uploads\/2026\/01\/plantacion-2-300x200.jpg 300w, https:\/\/www.noticiasmas.com.ar\/wp-content\/uploads\/2026\/01\/plantacion-2-768x512.jpg 768w, https:\/\/www.noticiasmas.com.ar\/wp-content\/uploads\/2026\/01\/plantacion-2-150x100.jpg 150w, https:\/\/www.noticiasmas.com.ar\/wp-content\/uploads\/2026\/01\/plantacion-2-696x464.jpg 696w, https:\/\/www.noticiasmas.com.ar\/wp-content\/uploads\/2026\/01\/plantacion-2-1068x712.jpg 1068w, https:\/\/www.noticiasmas.com.ar\/wp-content\/uploads\/2026\/01\/plantacion-2.jpg 1200w\" sizes=\"auto, (max-width: 1024px) 100vw, 1024px\" \/><\/figure>\n\n\n\n<p>Durante el encuentro, los presentes destacaron la importancia de generar conciencia ambiental desde temprana edad y el valor de la forestaci\u00f3n como una acci\u00f3n concreta que contribuye al bienestar de la comunidad y al desarrollo de una ciudad m\u00e1s sustentable.<\/p>\n\n\n\n<p>Desde la organizaci\u00f3n se inform\u00f3 que este plan de plantaci\u00f3n de \u00e1rboles continuar\u00e1 desarroll\u00e1ndose en otros espacios p\u00fablicos de Fray Luis Beltr\u00e1n.<\/p>\n","protected":false},"excerpt":{"rendered":"<p>En el d\u00eda de hoy, alumnos y alumnas de la Colonia de Verano, que se desarrolla en el Camping Municipal y es llevada adelante por la Municipalidad de Fray Luis Beltr\u00e1n junto al Gobierno de la Provincia de Santa Fe, participaron de una jornada de plantaci\u00f3n de \u00e1rboles en el predio. La actividad de forestaci\u00f3n [&hellip;]<\/p>\n","protected":false},"author":5,"featured_media":20865,"comment_status":"closed","ping_status":"open","sticky":false,"template":"","format":"standard","meta":{"tdm_status":"","tdm_grid_status":"","footnotes":""},"categories":[13],"tags":[3547,894,335,6324],"class_list":{"0":"post-20863","1":"post","2":"type-post","3":"status-publish","4":"format-standard","5":"has-post-thumbnail","7":"category-region","8":"tag-camping-municipal","9":"tag-colonia-de-verano","10":"tag-fray-luis-beltran","11":"tag-plantacion-de-arboles"},"_links":{"self":[{"href":"https:\/\/www.noticiasmas.com.ar\/index.php\/wp-json\/wp\/v2\/posts\/20863","targetHints":{"allow":["GET"]}}],"collection":[{"href":"https:\/\/www.noticiasmas.com.ar\/index.php\/wp-json\/wp\/v2\/posts"}],"about":[{"href":"https:\/\/www.noticiasmas.com.ar\/index.php\/wp-json\/wp\/v2\/types\/post"}],"author":[{"embeddable":true,"href":"https:\/\/www.noticiasmas.com.ar\/index.php\/wp-json\/wp\/v2\/users\/5"}],"replies":[{"embeddable":true,"href":"https:\/\/www.noticiasmas.com.ar\/index.php\/wp-json\/wp\/v2\/comments?post=20863"}],"version-history":[{"count":1,"href":"https:\/\/www.noticiasmas.com.ar\/index.php\/wp-json\/wp\/v2\/posts\/20863\/revisions"}],"predecessor-version":[{"id":20866,"href":"https:\/\/www.noticiasmas.com.ar\/index.php\/wp-json\/wp\/v2\/posts\/20863\/revisions\/20866"}],"wp:featuredmedia":[{"embeddable":true,"href":"https:\/\/www.noticiasmas.com.ar\/index.php\/wp-json\/wp\/v2\/media\/20865"}],"wp:attachment":[{"href":"https:\/\/www.noticiasmas.com.ar\/index.php\/wp-json\/wp\/v2\/media?parent=20863"}],"wp:term":[{"taxonomy":"category","embeddable":true,"href":"https:\/\/www.noticiasmas.com.ar\/index.php\/wp-json\/wp\/v2\/categories?post=20863"},{"taxonomy":"post_tag","embeddable":true,"href":"https:\/\/www.noticiasmas.com.ar\/index.php\/wp-json\/wp\/v2\/tags?post=20863"}],"curies":[{"name":"wp","href":"https:\/\/api.w.org\/{rel}","templated":true}]}}