{"id":20894,"date":"2026-01-21T15:46:07","date_gmt":"2026-01-21T18:46:07","guid":{"rendered":"https:\/\/www.noticiasmas.com.ar\/?p=20894"},"modified":"2026-01-21T15:46:12","modified_gmt":"2026-01-21T18:46:12","slug":"oliveros-corre-habra-distancias-de-10-5-y-3-kilometros","status":"publish","type":"post","link":"https:\/\/www.noticiasmas.com.ar\/index.php\/2026\/01\/21\/oliveros-corre-habra-distancias-de-10-5-y-3-kilometros\/","title":{"rendered":"Oliveros Corre: habr\u00e1 distancias de 10, 5 y 3 kil\u00f3metros"},"content":{"rendered":"\n<p>El pr\u00f3ximo domingo 15 de marzo se realizar\u00e1 una nueva edici\u00f3n de la carrera &#8220;Oliveros Corre&#8221;. La competencia recorrer\u00e1 gran parte de los l\u00edmites urbanos de la localidad lindera al R\u00edo Carcara\u00f1\u00e1.<\/p>\n\n\n\n<p>En los pr\u00f3ximos d\u00edas se anunciar\u00e1n las inscripciones y su valor para esta segunda edici\u00f3n de la competencia, que tendr\u00e1 distancias de 10 kil\u00f3metros competitiva, otra categor\u00eda de 5 kil\u00f3metros participativa y otra de 3 kil\u00f3metros de caminata recreativa. <\/p>\n\n\n\n<p>La primera edici\u00f3n tuvo como ganador al rosarino Salvador Gorosito, con un tiempo de 32 minutos y 40 segundos en la general de 10 kil\u00f3metros en caballeros, mientras que en damas la ganadora fue la rosarina Sof\u00eda Vicent\u00edn, completando un tiempo de 42 minutos y 9 segundos.<\/p>\n\n\n\n<p>En 5 kil\u00f3metros, los ganadores fueron Valentin Lange, de la localidad de Carabelas, marcando un tiempo de 19 minutos y 12 segundos, mientras que en mujeres fue la mejor la sanlorencina Valeria Baez, con un tiempo de 24 minutos y 20 segundos. <\/p>\n","protected":false},"excerpt":{"rendered":"<p>El pr\u00f3ximo domingo 15 de marzo se realizar\u00e1 una nueva edici\u00f3n de la carrera &#8220;Oliveros Corre&#8221;. La competencia recorrer\u00e1 gran parte de los l\u00edmites urbanos de la localidad lindera al R\u00edo Carcara\u00f1\u00e1. En los pr\u00f3ximos d\u00edas se anunciar\u00e1n las inscripciones y su valor para esta segunda edici\u00f3n de la competencia, que tendr\u00e1 distancias de 10 [&hellip;]<\/p>\n","protected":false},"author":9,"featured_media":20895,"comment_status":"closed","ping_status":"open","sticky":false,"template":"","format":"standard","meta":{"tdm_status":"","tdm_grid_status":"","footnotes":""},"categories":[10],"tags":[5160,4539,491],"class_list":{"0":"post-20894","1":"post","2":"type-post","3":"status-publish","4":"format-standard","5":"has-post-thumbnail","7":"category-deportes","8":"tag-atletismo","9":"tag-maraton-2","10":"tag-oliveros"},"_links":{"self":[{"href":"https:\/\/www.noticiasmas.com.ar\/index.php\/wp-json\/wp\/v2\/posts\/20894","targetHints":{"allow":["GET"]}}],"collection":[{"href":"https:\/\/www.noticiasmas.com.ar\/index.php\/wp-json\/wp\/v2\/posts"}],"about":[{"href":"https:\/\/www.noticiasmas.com.ar\/index.php\/wp-json\/wp\/v2\/types\/post"}],"author":[{"embeddable":true,"href":"https:\/\/www.noticiasmas.com.ar\/index.php\/wp-json\/wp\/v2\/users\/9"}],"replies":[{"embeddable":true,"href":"https:\/\/www.noticiasmas.com.ar\/index.php\/wp-json\/wp\/v2\/comments?post=20894"}],"version-history":[{"count":1,"href":"https:\/\/www.noticiasmas.com.ar\/index.php\/wp-json\/wp\/v2\/posts\/20894\/revisions"}],"predecessor-version":[{"id":20896,"href":"https:\/\/www.noticiasmas.com.ar\/index.php\/wp-json\/wp\/v2\/posts\/20894\/revisions\/20896"}],"wp:featuredmedia":[{"embeddable":true,"href":"https:\/\/www.noticiasmas.com.ar\/index.php\/wp-json\/wp\/v2\/media\/20895"}],"wp:attachment":[{"href":"https:\/\/www.noticiasmas.com.ar\/index.php\/wp-json\/wp\/v2\/media?parent=20894"}],"wp:term":[{"taxonomy":"category","embeddable":true,"href":"https:\/\/www.noticiasmas.com.ar\/index.php\/wp-json\/wp\/v2\/categories?post=20894"},{"taxonomy":"post_tag","embeddable":true,"href":"https:\/\/www.noticiasmas.com.ar\/index.php\/wp-json\/wp\/v2\/tags?post=20894"}],"curies":[{"name":"wp","href":"https:\/\/api.w.org\/{rel}","templated":true}]}}