{"id":20903,"date":"2026-01-21T18:52:29","date_gmt":"2026-01-21T21:52:29","guid":{"rendered":"https:\/\/www.noticiasmas.com.ar\/?p=20903"},"modified":"2026-01-21T18:52:32","modified_gmt":"2026-01-21T21:52:32","slug":"bomberos-de-baigorria-recibieron-equipamiento-destinado-a-la-atencion-de-emergencias","status":"publish","type":"post","link":"https:\/\/www.noticiasmas.com.ar\/index.php\/2026\/01\/21\/bomberos-de-baigorria-recibieron-equipamiento-destinado-a-la-atencion-de-emergencias\/","title":{"rendered":"Bomberos de Baigorria recibieron equipamiento destinado a la atenci\u00f3n de emergencias"},"content":{"rendered":"\n<p>Este mi\u00e9rcoles, el gobernador Maximiliano Pullaro encabez\u00f3 la entrega de nuevo equipamiento a Bomberos Voluntarios de la provincia, destinado principalmente a combatir incendios forestales. El secretario de Gobierno local, Dr. Osvaldo Aymo, acompa\u00f1\u00f3 a la delegaci\u00f3n local.<\/p>\n\n\n\n<p>En un acto desarrollado esta ma\u00f1ana en Plaza 25 de Mayo de Santa Fe, el gobernador Maximiliano Pullaro encabez\u00f3 la entrega de equipamiento a m\u00e1s de 35 delegaciones de bomberos de toda la provincia. \u201cEs un orgullo de cada habitante de la provincia invencible de Santa Fe decir que tenemos a los bomberos voluntarios m\u00e1s preparados y m\u00e1s equipados de la Rep\u00fablica Argentina\u201d, celebr\u00f3 el mandatario provincial.<\/p>\n\n\n\n<p>En representaci\u00f3n del intendente Adri\u00e1n Maglia estuvo presente acompa\u00f1ando la delegaci\u00f3n local de bomberos el Dr. Osvaldo Aymo, secretario de Gobierno de la municipalidad de Granadero Baigorria. \u201cTenemos uno de los mejores equipos de la provincia, no me caben dudas, y lo potenciamos m\u00e1s cuando sumamos equipamiento y recursos para combatir incendios\u201d, destac\u00f3 Aymo.<\/p>\n\n\n\n<p>Los nuevos equipos se adquirieron a trav\u00e9s del Ministerio de Ambiente y Cambio Clim\u00e1tico de la provincia, con fondos de la Agencia Francesa de Desarrollo. Incluye 12 m\u00f3dulos (los denominados Combate 500, que incluyen una motobomba y capacidad de 500 litros) para incendios forestales de 500 litros; 8 motobombas; 30 motosierras; 16 protectores personales para motosierras; 20 sopladoras; 150 mangueras de una pulgada; 100 de una pulgada y media; 5 grupos electr\u00f3genos de 13 KVA; 3 motoguada\u00f1as; 150 cascos; 150 pares de borcegu\u00edes; 150 chaquetas; 150 pantalones; 150 camisas y 150 pares de guantes.<\/p>\n","protected":false},"excerpt":{"rendered":"<p>Este mi\u00e9rcoles, el gobernador Maximiliano Pullaro encabez\u00f3 la entrega de nuevo equipamiento a Bomberos Voluntarios de la provincia, destinado principalmente a combatir incendios forestales. El secretario de Gobierno local, Dr. Osvaldo Aymo, acompa\u00f1\u00f3 a la delegaci\u00f3n local. En un acto desarrollado esta ma\u00f1ana en Plaza 25 de Mayo de Santa Fe, el gobernador Maximiliano Pullaro [&hellip;]<\/p>\n","protected":false},"author":5,"featured_media":20904,"comment_status":"closed","ping_status":"open","sticky":false,"template":"","format":"standard","meta":{"tdm_status":"","tdm_grid_status":"","footnotes":""},"categories":[13],"tags":[349,4899,246,1572],"class_list":{"0":"post-20903","1":"post","2":"type-post","3":"status-publish","4":"format-standard","5":"has-post-thumbnail","7":"category-region","8":"tag-bomberos-voluntarios","9":"tag-equipamiento","10":"tag-granadero-baigorria","11":"tag-incendios-forestales"},"_links":{"self":[{"href":"https:\/\/www.noticiasmas.com.ar\/index.php\/wp-json\/wp\/v2\/posts\/20903","targetHints":{"allow":["GET"]}}],"collection":[{"href":"https:\/\/www.noticiasmas.com.ar\/index.php\/wp-json\/wp\/v2\/posts"}],"about":[{"href":"https:\/\/www.noticiasmas.com.ar\/index.php\/wp-json\/wp\/v2\/types\/post"}],"author":[{"embeddable":true,"href":"https:\/\/www.noticiasmas.com.ar\/index.php\/wp-json\/wp\/v2\/users\/5"}],"replies":[{"embeddable":true,"href":"https:\/\/www.noticiasmas.com.ar\/index.php\/wp-json\/wp\/v2\/comments?post=20903"}],"version-history":[{"count":1,"href":"https:\/\/www.noticiasmas.com.ar\/index.php\/wp-json\/wp\/v2\/posts\/20903\/revisions"}],"predecessor-version":[{"id":20905,"href":"https:\/\/www.noticiasmas.com.ar\/index.php\/wp-json\/wp\/v2\/posts\/20903\/revisions\/20905"}],"wp:featuredmedia":[{"embeddable":true,"href":"https:\/\/www.noticiasmas.com.ar\/index.php\/wp-json\/wp\/v2\/media\/20904"}],"wp:attachment":[{"href":"https:\/\/www.noticiasmas.com.ar\/index.php\/wp-json\/wp\/v2\/media?parent=20903"}],"wp:term":[{"taxonomy":"category","embeddable":true,"href":"https:\/\/www.noticiasmas.com.ar\/index.php\/wp-json\/wp\/v2\/categories?post=20903"},{"taxonomy":"post_tag","embeddable":true,"href":"https:\/\/www.noticiasmas.com.ar\/index.php\/wp-json\/wp\/v2\/tags?post=20903"}],"curies":[{"name":"wp","href":"https:\/\/api.w.org\/{rel}","templated":true}]}}