{"id":2092,"date":"2024-01-02T12:37:09","date_gmt":"2024-01-02T15:37:09","guid":{"rendered":"https:\/\/www.noticiasmas.com.ar\/?p=2092"},"modified":"2024-01-02T12:37:11","modified_gmt":"2024-01-02T15:37:11","slug":"en-un-video-con-las-voces-de-maradona-y-de-messi-newells-presento-su-nueva-camiseta","status":"publish","type":"post","link":"https:\/\/www.noticiasmas.com.ar\/index.php\/2024\/01\/02\/en-un-video-con-las-voces-de-maradona-y-de-messi-newells-presento-su-nueva-camiseta\/","title":{"rendered":"En un video con las voces de Maradona  y de Messi, Newell&#8217;s present\u00f3 su nueva camiseta"},"content":{"rendered":"\n<p>El primer d\u00eda del 2024, Newell&#8217;s oficializ\u00f3 a la nueva marca que auspiciar\u00e1 su camiseta, en un video que cuenta con las voces en off de Lionel Messi y Diego Maradona.<\/p>\n\n\n\n<p>Los m\u00e1ximos \u00eddolos del f\u00fatbol argentino dan cuenta de su amor por el rojinegro y con sus palabras acompa\u00f1an las im\u00e1genes que se suceden, ofreciendo al p\u00fablico las diferentes camisetas con las que se presentar\u00e1 el equipo de Larriera en este 2024.<\/p>\n\n\n\n<p>Athletic International Fit (AIFIT) es una compa\u00f1\u00eda de indumentaria deportiva y urbana con presencia en el mercado estadounidense, la cual este a\u00f1o ha adquirido a la marca de origen chileno \u201cOnefit\u201d como parte de su estrategia de expansi\u00f3n en Am\u00e9rica. En este proceso, la marca ha desembarcado en Argentina y eligi\u00f3 a Rosario como base de sus operaciones a trav\u00e9s de su marca AIFIT para establecerse en el pa\u00eds.<\/p>\n\n\n\n<div class=\"wp-block-media-text is-stacked-on-mobile\"><figure class=\"wp-block-media-text__media\"><video controls src=\"https:\/\/www.noticiasmas.com.ar\/wp-content\/uploads\/2024\/01\/En-un-video-con-las-voces-de-Maradona-y-de-Messi-Newells-presento-su-nueva-camiseta.mp4\"><\/video><\/figure><div class=\"wp-block-media-text__content\">\n<p><\/p>\n<\/div><\/div>\n\n\n\n<p>&#8220;El acuerdo, que entra en vigencia el 01 de enero de 2024 y se extiende hasta el 31 de diciembre de 2025, marca un cambio innovador en la tradici\u00f3n de los sponsors t\u00e9cnicos, ya que AIFIT se compromete a elaborar indumentaria de calidad internacional para todos los deportes amateur del club, categor\u00edas infantiles y juveniles; y primeras divisiones, tanto masculina como femenina&#8221;, explic\u00f3 el club en un comunicado.<\/p>\n\n\n\n<p>Esta inclusividad es un hecho in\u00e9dito y viene a cubrir una necesidad hist\u00f3rica de la instituci\u00f3n, ya que anteriormente los sponsors t\u00e9cnicos se enfocaban principalmente en el f\u00fatbol profesional.<\/p>\n\n\n\n<p>La marca ser\u00e1 la primera en asumir la responsabilidad de dise\u00f1ar y producir vestimenta de juego y salida para las 20 disciplinas que constituyen la totalidad de los deportes amateur del club, las divisiones futbol\u00edsticas infantiles y juveniles, y el Colegio Newell\u2019s.<\/p>\n\n\n\n<p>Por primera vez todas las disciplinas tanto amateur como profesionales ser\u00e1n vestidas por la misma marca, logrando una identidad unificada con los mismos colores y la misma pasi\u00f3n.<\/p>\n\n\n\n<p>El nuevo proveedor oficial desarrollar\u00e1 una l\u00ednea exclusiva de indumentaria femenina. De esta manera, se beneficiar\u00e1n tanto las deportistas como las socias e hinchas, quienes podr\u00e1n disfrutar de productos hechos a medida para ellas.<\/p>\n\n\n\n<p>Adem\u00e1s, AIFIT pondr\u00e1 a disposici\u00f3n su estructura organizativa empresarial para la administraci\u00f3n y gesti\u00f3n de la Tienda Newell\u2019s Parque y la Tienda Newell\u2019s Malvinas. Esta colaboraci\u00f3n tiene como objetivo potenciar la eficiencia y competitividad de ambas, con la clara especificaci\u00f3n de que el Club Atl\u00e9tico Newell\u2019s Old Boys seguir\u00e1 siendo el titular exclusivo de estas.<\/p>\n\n\n\n<p>Uno de los puntos del acuerdo establece que un considerable porcentaje de las ventas totales de AIFIT quedar\u00e1 a favor de Newell\u2019s. Estos fondos ser\u00e1n destinados a la renovaci\u00f3n del Coloso Marcelo Bielsa, por lo que los socios, socias e hinchas que adquieran prendas de manera oficial estar\u00e1n aportando para la hist\u00f3rica construcci\u00f3n de la nueva tribuna popular.<\/p>\n","protected":false},"excerpt":{"rendered":"<p>El primer d\u00eda del 2024, Newell&#8217;s oficializ\u00f3 a la nueva marca que auspiciar\u00e1 su camiseta, en un video que cuenta con las voces en off de Lionel Messi y Diego Maradona. Los m\u00e1ximos \u00eddolos del f\u00fatbol argentino dan cuenta de su amor por el rojinegro y con sus palabras acompa\u00f1an las im\u00e1genes que se suceden, [&hellip;]<\/p>\n","protected":false},"author":8,"featured_media":2094,"comment_status":"closed","ping_status":"open","sticky":false,"template":"","format":"standard","meta":{"tdm_status":"","tdm_grid_status":"","footnotes":""},"categories":[10],"tags":[856,132,855,857],"class_list":{"0":"post-2092","1":"post","2":"type-post","3":"status-publish","4":"format-standard","5":"has-post-thumbnail","7":"category-deportes","8":"tag-athletic","9":"tag-newells","10":"tag-nueva-camiseta","11":"tag-presentacion"},"_links":{"self":[{"href":"https:\/\/www.noticiasmas.com.ar\/index.php\/wp-json\/wp\/v2\/posts\/2092","targetHints":{"allow":["GET"]}}],"collection":[{"href":"https:\/\/www.noticiasmas.com.ar\/index.php\/wp-json\/wp\/v2\/posts"}],"about":[{"href":"https:\/\/www.noticiasmas.com.ar\/index.php\/wp-json\/wp\/v2\/types\/post"}],"author":[{"embeddable":true,"href":"https:\/\/www.noticiasmas.com.ar\/index.php\/wp-json\/wp\/v2\/users\/8"}],"replies":[{"embeddable":true,"href":"https:\/\/www.noticiasmas.com.ar\/index.php\/wp-json\/wp\/v2\/comments?post=2092"}],"version-history":[{"count":1,"href":"https:\/\/www.noticiasmas.com.ar\/index.php\/wp-json\/wp\/v2\/posts\/2092\/revisions"}],"predecessor-version":[{"id":2095,"href":"https:\/\/www.noticiasmas.com.ar\/index.php\/wp-json\/wp\/v2\/posts\/2092\/revisions\/2095"}],"wp:featuredmedia":[{"embeddable":true,"href":"https:\/\/www.noticiasmas.com.ar\/index.php\/wp-json\/wp\/v2\/media\/2094"}],"wp:attachment":[{"href":"https:\/\/www.noticiasmas.com.ar\/index.php\/wp-json\/wp\/v2\/media?parent=2092"}],"wp:term":[{"taxonomy":"category","embeddable":true,"href":"https:\/\/www.noticiasmas.com.ar\/index.php\/wp-json\/wp\/v2\/categories?post=2092"},{"taxonomy":"post_tag","embeddable":true,"href":"https:\/\/www.noticiasmas.com.ar\/index.php\/wp-json\/wp\/v2\/tags?post=2092"}],"curies":[{"name":"wp","href":"https:\/\/api.w.org\/{rel}","templated":true}]}}