{"id":20964,"date":"2026-01-23T16:47:01","date_gmt":"2026-01-23T19:47:01","guid":{"rendered":"https:\/\/www.noticiasmas.com.ar\/?p=20964"},"modified":"2026-01-23T16:47:06","modified_gmt":"2026-01-23T19:47:06","slug":"como-evitar-un-golpe-de-calor-por-las-altas-temperaturas-en-el-cordon-industrial","status":"publish","type":"post","link":"https:\/\/www.noticiasmas.com.ar\/index.php\/2026\/01\/23\/como-evitar-un-golpe-de-calor-por-las-altas-temperaturas-en-el-cordon-industrial\/","title":{"rendered":"\u00bfC\u00f3mo evitar un golpe de calor por las altas temperaturas en el Cord\u00f3n Industrial?"},"content":{"rendered":"\n<p>Ante la persistencia de altas temperaturas, especialistas y organismos de monitoreo clim\u00e1tico advirtieron sobre el riesgo de sufrir golpes de calor, una de las formas m\u00e1s graves de hipertermia y una urgencia m\u00e9dica que puede tener consecuencias fatales si no se act\u00faa a tiempo.<\/p>\n\n\n\n<p>El golpe de calor, tambi\u00e9n denominado shock t\u00e9rmico, se produce cuando el cuerpo se sobrecalienta como consecuencia de la exposici\u00f3n prolongada al calor o al exceso de ejercicio f\u00edsico, sumado a una inadecuada hidrataci\u00f3n. Esta combinaci\u00f3n provoca una falla en el sistema de termorregulaci\u00f3n y puede generar el mal funcionamiento de \u00f3rganos vitales. Seg\u00fan los expertos, su aparici\u00f3n puede ser r\u00e1pida, entre una y seis horas, y su evoluci\u00f3n puede resultar mortal en menos de 24 horas si no se recibe atenci\u00f3n m\u00e9dica inmediata.<\/p>\n\n\n\n<p>Entre los principales grupos de riesgo se encuentran los ni\u00f1os y lactantes, las personas mayores y quienes padecen enfermedades cr\u00f3nicas como diabetes, afecciones cardiovasculares, respiratorias, renales, cerebrovasculares o neurol\u00f3gicas. Tambi\u00e9n est\u00e1n expuestas las personas con sobrepeso u obesidad, los pacientes en situaci\u00f3n de dependencia o encamados, quienes se encuentran bajo determinados tratamientos m\u00e9dicos y aquellos que atraviesan situaciones de aislamiento social. A su vez, los trabajadores que realizan tareas intensas al aire libre y quienes practican actividades deportivas exigentes presentan un riesgo elevado, al igual que las personas con dificultades para adoptar medidas de autocuidado sin ayuda de terceros.<\/p>\n\n\n\n<p>Los s\u00edntomas de un golpe de calor incluyen debilidad general, dolor de cabeza, mareos, palpitaciones, disminuci\u00f3n en la cantidad de orina, sequedad y enrojecimiento de la piel, ausencia de sudoraci\u00f3n y respiraci\u00f3n acelerada. En los casos m\u00e1s severos puede producirse p\u00e9rdida de conciencia, por lo que se recomienda buscar asistencia m\u00e9dica de manera urgente ante la aparici\u00f3n de estos signos.<\/p>\n\n\n\n<p>Desde el Centro de Monitoreo Meteorol\u00f3gico y Clim\u00e1tico (CMMC-SAT) remarcaron la importancia de extremar las medidas de prevenci\u00f3n. Entre las principales recomendaciones figuran mantenerse hidratado de forma permanente con agua u otros l\u00edquidos, evitando el consumo de alcohol, caf\u00e9, t\u00e9 o bebidas azucaradas. Tambi\u00e9n se aconseja permanecer en lugares frescos o a la sombra, reducir la exposici\u00f3n al sol durante las horas de mayor temperatura y evitar la actividad f\u00edsica al aire libre entre el mediod\u00eda y las cinco de la tarde.<\/p>\n\n\n\n<p>En el \u00e1mbito dom\u00e9stico, se sugiere cerrar ventanas y bajar persianas para impedir el ingreso directo del sol, adem\u00e1s de optar por comidas livianas como frutas, verduras y ensaladas. En la v\u00eda p\u00fablica, el uso de ropa clara y liviana, calzado fresco y sombreros puede ayudar a disminuir los efectos del calor extremo.<\/p>\n\n\n\n<p>Las autoridades insistieron en la importancia de la prevenci\u00f3n y la detecci\u00f3n temprana de los s\u00edntomas, al se\u00f1alar que el golpe de calor es una condici\u00f3n evitable si se adoptan las medidas de cuidado adecuadas frente a las altas temperaturas.<\/p>\n","protected":false},"excerpt":{"rendered":"<p>Ante la persistencia de altas temperaturas, especialistas y organismos de monitoreo clim\u00e1tico advirtieron sobre el riesgo de sufrir golpes de calor, una de las formas m\u00e1s graves de hipertermia y una urgencia m\u00e9dica que puede tener consecuencias fatales si no se act\u00faa a tiempo. El golpe de calor, tambi\u00e9n denominado shock t\u00e9rmico, se produce cuando [&hellip;]<\/p>\n","protected":false},"author":9,"featured_media":12029,"comment_status":"closed","ping_status":"open","sticky":false,"template":"","format":"standard","meta":{"tdm_status":"","tdm_grid_status":"","footnotes":""},"categories":[13],"tags":[1447,138,1446],"class_list":{"0":"post-20964","1":"post","2":"type-post","3":"status-publish","4":"format-standard","5":"has-post-thumbnail","7":"category-region","8":"tag-altas-temperaturas","9":"tag-clima","10":"tag-golpe-de-calor"},"_links":{"self":[{"href":"https:\/\/www.noticiasmas.com.ar\/index.php\/wp-json\/wp\/v2\/posts\/20964","targetHints":{"allow":["GET"]}}],"collection":[{"href":"https:\/\/www.noticiasmas.com.ar\/index.php\/wp-json\/wp\/v2\/posts"}],"about":[{"href":"https:\/\/www.noticiasmas.com.ar\/index.php\/wp-json\/wp\/v2\/types\/post"}],"author":[{"embeddable":true,"href":"https:\/\/www.noticiasmas.com.ar\/index.php\/wp-json\/wp\/v2\/users\/9"}],"replies":[{"embeddable":true,"href":"https:\/\/www.noticiasmas.com.ar\/index.php\/wp-json\/wp\/v2\/comments?post=20964"}],"version-history":[{"count":1,"href":"https:\/\/www.noticiasmas.com.ar\/index.php\/wp-json\/wp\/v2\/posts\/20964\/revisions"}],"predecessor-version":[{"id":20965,"href":"https:\/\/www.noticiasmas.com.ar\/index.php\/wp-json\/wp\/v2\/posts\/20964\/revisions\/20965"}],"wp:featuredmedia":[{"embeddable":true,"href":"https:\/\/www.noticiasmas.com.ar\/index.php\/wp-json\/wp\/v2\/media\/12029"}],"wp:attachment":[{"href":"https:\/\/www.noticiasmas.com.ar\/index.php\/wp-json\/wp\/v2\/media?parent=20964"}],"wp:term":[{"taxonomy":"category","embeddable":true,"href":"https:\/\/www.noticiasmas.com.ar\/index.php\/wp-json\/wp\/v2\/categories?post=20964"},{"taxonomy":"post_tag","embeddable":true,"href":"https:\/\/www.noticiasmas.com.ar\/index.php\/wp-json\/wp\/v2\/tags?post=20964"}],"curies":[{"name":"wp","href":"https:\/\/api.w.org\/{rel}","templated":true}]}}